{"id":10530,"date":"2021-11-23T12:26:57","date_gmt":"2021-11-23T12:26:57","guid":{"rendered":"https:\/\/olivera.org\/?p=10530"},"modified":"2021-11-23T12:54:36","modified_gmt":"2021-11-23T12:54:36","slug":"lolivera-acollira-el-juny-de-2022-una-de-les-proves-pilot-del-projecte-vinimob","status":"publish","type":"post","link":"https:\/\/olivera.org\/ca\/lolivera-acollira-el-juny-de-2022-una-de-les-proves-pilot-del-projecte-vinimob\/","title":{"rendered":"L\u2019Olivera acollir\u00e0 el juny de 2022 una de les proves pilot del projecte VINIMOB"},"content":{"rendered":"\t\t<div data-elementor-type=\"wp-post\" data-elementor-id=\"10530\" class=\"elementor elementor-10530\" data-elementor-post-type=\"post\">\n\t\t\t\t\t\t<section class=\"elementor-section elementor-top-section elementor-element elementor-element-d42637d elementor-section-boxed elementor-section-height-default elementor-section-height-default\" data-id=\"d42637d\" data-element_type=\"section\">\n\t\t\t\t\t\t<div class=\"elementor-container elementor-column-gap-default\">\n\t\t\t\t\t<div class=\"elementor-column elementor-col-100 elementor-top-column elementor-element elementor-element-2b528f5\" data-id=\"2b528f5\" data-element_type=\"column\">\n\t\t\t<div class=\"elementor-widget-wrap elementor-element-populated\">\n\t\t\t\t\t\t<div class=\"elementor-element elementor-element-a9dcbea elementor-widget elementor-widget-text-editor\" data-id=\"a9dcbea\" data-element_type=\"widget\" data-widget_type=\"text-editor.default\">\n\t\t\t\t<div class=\"elementor-widget-container\">\n\t\t\t\t\t\t\t\t\t<p>El <strong><a href=\"https:\/\/olivera.org\/ca\/vinimob-nou-projecte-derasmus-en-vinicultura-per-a-persones-en-risc-dexclusio-social-2\/\">VINIMOB<\/a><\/strong>, un programa europeu derivat de l\u2019Erasmus+ dedicat a la mobilitat internacional de persones amb capacitats diverses o en risc d\u2019exclusi\u00f3 social vinculades a la producci\u00f3 vin\u00edcola, continua avan\u00e7ant.<\/p><p>Un equip de L\u2019Olivera ha participat aquest novembre en unes jornades de treball a la universitat Polit\u00e8cnica de Pozega, a Cro\u00e0cia, amb l\u2019objectiu de posar fil a l\u2019agulla i tancar els serrells que permetran la posada en marxa de les primeres proves pilot del VINIMOB la primavera de l\u2019any vinent.<\/p><p>Concretament, L\u2019Olivera acollir\u00e0 una vintena d\u2019alumnes del 6 al 10 de juny per integrar-los en tasques d\u2019etiquetatge, empaquetament i emmagatzematge amb l\u2019objectiu de formar-los i avaluar-los. Aquesta prova pilot ha de servir per contrastar i certificar la validesa de les activitats programades, aix\u00ed com per comprovar l\u2019adequaci\u00f3 del contingut a les capacitats dels diferents estudiants. Al maig de l\u2019any vinent, el celler franc\u00e8s <strong><a href=\"https:\/\/domainerenerieux.com\/\">Ren\u00e9 Rieux d\u2019AGAPEI<\/a><\/strong> organitzar\u00e0 la primera d\u2019aquestes proves pilot.<\/p><p>Durant les jornades de treball tamb\u00e9 s\u2019han concretat les unitats did\u00e0ctiques que conformaran el programa i, alhora, s\u2019han concretat els perfils professionals de les persones que podran participar-hi. La propera sessi\u00f3 de treball tindr\u00e0 lloc a l\u2019escola <strong><a href=\"https:\/\/www.cerletti.gov.it\/\">G. B. Cerletti<\/a><\/strong>, a It\u00e0lia, el pr\u00f2xim febrer i se centrar\u00e0 en els processos conjunts d\u2019avaluaci\u00f3 de l\u2019alumnat.<\/p><p>Per a m\u00e9s informaci\u00f3 del programa <strong><a href=\"https:\/\/vinimob.eu\/\">VINIMOB, consulteu el seu web<\/a><\/strong>.<\/p>\t\t\t\t\t\t\t\t<\/div>\n\t\t\t\t<\/div>\n\t\t\t\t\t<\/div>\n\t\t<\/div>\n\t\t\t\t\t<\/div>\n\t\t<\/section>\n\t\t\t\t<\/div>\n\t\t","protected":false},"excerpt":{"rendered":"<p>El VINIMOB, un programa europeu derivat de l\u2019Erasmus+ dedicat a la mobilitat internacional de persones amb capacitats diverses o en risc d\u2019exclusi\u00f3 social vinculades a la producci\u00f3 vin\u00edcola, continua avan\u00e7ant. Un equip de L\u2019Olivera ha participat aquest novembre en unes jornades de treball a la universitat Polit\u00e8cnica de Pozega, a Cro\u00e0cia, amb l\u2019objectiu de posar [&hellip;]<\/p>\n","protected":false},"author":12,"featured_media":10548,"comment_status":"open","ping_status":"open","sticky":false,"template":"","format":"standard","meta":{"_acf_changed":false,"_jetpack_memberships_contains_paid_content":false,"footnotes":""},"categories":[16],"tags":[],"class_list":["post-10530","post","type-post","status-publish","format-standard","has-post-thumbnail","hentry","category-sense-categoria"],"acf":[],"jetpack_featured_media_url":"https:\/\/olivera.org\/wp-content\/uploads\/2021\/11\/vinimobalta.jpg","jetpack_sharing_enabled":true,"_links":{"self":[{"href":"https:\/\/olivera.org\/ca\/wp-json\/wp\/v2\/posts\/10530","targetHints":{"allow":["GET"]}}],"collection":[{"href":"https:\/\/olivera.org\/ca\/wp-json\/wp\/v2\/posts"}],"about":[{"href":"https:\/\/olivera.org\/ca\/wp-json\/wp\/v2\/types\/post"}],"author":[{"embeddable":true,"href":"https:\/\/olivera.org\/ca\/wp-json\/wp\/v2\/users\/12"}],"replies":[{"embeddable":true,"href":"https:\/\/olivera.org\/ca\/wp-json\/wp\/v2\/comments?post=10530"}],"version-history":[{"count":0,"href":"https:\/\/olivera.org\/ca\/wp-json\/wp\/v2\/posts\/10530\/revisions"}],"wp:featuredmedia":[{"embeddable":true,"href":"https:\/\/olivera.org\/ca\/wp-json\/wp\/v2\/media\/10548"}],"wp:attachment":[{"href":"https:\/\/olivera.org\/ca\/wp-json\/wp\/v2\/media?parent=10530"}],"wp:term":[{"taxonomy":"category","embeddable":true,"href":"https:\/\/olivera.org\/ca\/wp-json\/wp\/v2\/categories?post=10530"},{"taxonomy":"post_tag","embeddable":true,"href":"https:\/\/olivera.org\/ca\/wp-json\/wp\/v2\/tags?post=10530"}],"curies":[{"name":"wp","href":"https:\/\/api.w.org\/{rel}","templated":true}]}}