{"id":20779,"date":"2023-05-08T11:04:03","date_gmt":"2023-05-08T11:04:03","guid":{"rendered":"https:\/\/olivera.org\/?p=20779"},"modified":"2023-05-08T11:04:03","modified_gmt":"2023-05-08T11:04:03","slug":"airos-primer-vi-rosat-olivera","status":"publish","type":"post","link":"https:\/\/olivera.org\/ca\/airos-primer-vi-rosat-olivera\/","title":{"rendered":"Air\u00f3s, el primer vi rosat de L&#8217;Olivera"},"content":{"rendered":"\t\t<div data-elementor-type=\"wp-post\" data-elementor-id=\"20779\" class=\"elementor elementor-20779\" data-elementor-post-type=\"post\">\n\t\t\t\t\t\t<section class=\"elementor-section elementor-top-section elementor-element elementor-element-1bcb398 elementor-section-boxed elementor-section-height-default elementor-section-height-default\" data-id=\"1bcb398\" data-element_type=\"section\">\n\t\t\t\t\t\t<div class=\"elementor-container elementor-column-gap-default\">\n\t\t\t\t\t<div class=\"elementor-column elementor-col-100 elementor-top-column elementor-element elementor-element-2d0eb2e\" data-id=\"2d0eb2e\" data-element_type=\"column\">\n\t\t\t<div class=\"elementor-widget-wrap elementor-element-populated\">\n\t\t\t\t\t\t<div class=\"elementor-element elementor-element-d0c3203 elementor-widget elementor-widget-text-editor\" data-id=\"d0c3203\" data-element_type=\"widget\" data-widget_type=\"text-editor.default\">\n\t\t\t\t<div class=\"elementor-widget-container\">\n\t\t\t\t\t\t\t\t\t<p style=\"text-align: center;\"><strong>Es tracta d&#8217;un monovarietal de Garnatxa negra, ecol\u00f2gic i veg\u00e0, sota la denominaci\u00f3 d&#8217;origen Costers del Segre<\/strong><\/p>\t\t\t\t\t\t\t\t<\/div>\n\t\t\t\t<\/div>\n\t\t\t\t\t<\/div>\n\t\t<\/div>\n\t\t\t\t\t<\/div>\n\t\t<\/section>\n\t\t\t\t<section class=\"elementor-section elementor-top-section elementor-element elementor-element-6a60f77 elementor-section-boxed elementor-section-height-default elementor-section-height-default\" data-id=\"6a60f77\" data-element_type=\"section\">\n\t\t\t\t\t\t<div class=\"elementor-container elementor-column-gap-default\">\n\t\t\t\t\t<div class=\"elementor-column elementor-col-100 elementor-top-column elementor-element elementor-element-09b4293\" data-id=\"09b4293\" data-element_type=\"column\">\n\t\t\t<div class=\"elementor-widget-wrap elementor-element-populated\">\n\t\t\t\t\t\t<div class=\"elementor-element elementor-element-f96569d elementor-widget elementor-widget-text-editor\" data-id=\"f96569d\" data-element_type=\"widget\" data-widget_type=\"text-editor.default\">\n\t\t\t\t<div class=\"elementor-widget-container\">\n\t\t\t\t\t\t\t\t\t<p>Despr\u00e9s de m\u00e9s de 30 anys elaborant vins blancs, negres, dol\u00e7os i escumosos, L\u2019Olivera fa un pas m\u00e9s i ara treu al mercat el seu primer vi rosat. <a href=\"https:\/\/olivera.org\/ca\/producte\/airos\/\"><strong>Air\u00f3s<\/strong><\/a> \u00e9s el nom d\u2019aquest nou vi del celler de Vallbona de les Monges, un monovarietal de Garnatxa negra, de certificaci\u00f3 ecol\u00f2gica i vegana, que recull l\u2019experi\u00e8ncia adquirida per L\u2019Olivera en l\u2019elaboraci\u00f3 d\u2019aquesta varietat en vins negres, demostrant la seva versatilitat per elaborar-la, ara, en un vi rosat. Un vi que \u00e9s l\u2019expressi\u00f3 genu\u00efna d\u2019aquesta varietat, molt adaptada a la Vall del Corb i que en constitueix, ja, un tret identitari.<\/p><p>L\u2019Air\u00f3s \u00e9s un vi subtil i delicat, amb un perfil especiat i original d\u2019una Garnatxa de certa al\u00e7ada (600 metres) procedent de diferents vinyes de la Vall del Corb, dins la <a href=\"https:\/\/www.costersdelsegre.es\/\"><strong>DO Costers del Segre<\/strong><\/a>. A nivell enol\u00f2gic, \u00e9s fruit de dues elaboracions diferents: d\u2019una banda, part de la Garnatxa fa un premsat directe amb una lleugera maceraci\u00f3 a la pr\u00f2pia premsa. D\u2019altra banda, l\u2019altra part de la Garnatxa \u00e9s fruit d\u2019un sangrat d\u2019un dip\u00f2sit de <em>pigeage<\/em> a les 48 hores. Despr\u00e9s, en ambd\u00f3s casos, el most fermenta en dip\u00f2sit a temperatura controlada fins al moment del seu embotellament.<\/p><p>L&#8217;Air\u00f3s \u00e9s un perfil de rosat p\u00e0l\u00b7lid i brillant. En nas \u00e9s subtil i elegant, i sobresurten les aromes de maduixes silvestres i cirera vermella, notes anisades i un punt de crema pastissera. Fresc i \u00e0gil, l\u2019Air\u00f3s \u00e9s un perfecte acompanyant de plats informals, com la pizza i la pasta, o els entremesos freds.<\/p><p>El vi ja es pot comprar a trav\u00e9s de la <a href=\"https:\/\/olivera.org\/ca\/botiga\/\"><strong>botiga online<\/strong><\/a> de L\u2019Olivera, al celler de L\u2019Olivera a Vallbona de les Monges i <a href=\"https:\/\/olivera.org\/ca\/la-vinoteca\/\"><strong>Can Calopa<\/strong><\/a> (Barcelona) i tamb\u00e9 en diferents botigues especialitzades.<\/p>\t\t\t\t\t\t\t\t<\/div>\n\t\t\t\t<\/div>\n\t\t\t\t\t<\/div>\n\t\t<\/div>\n\t\t\t\t\t<\/div>\n\t\t<\/section>\n\t\t\t\t<section class=\"elementor-section elementor-top-section elementor-element elementor-element-313debb elementor-section-boxed elementor-section-height-default elementor-section-height-default\" data-id=\"313debb\" data-element_type=\"section\">\n\t\t\t\t\t\t<div class=\"elementor-container elementor-column-gap-default\">\n\t\t\t\t\t<div class=\"elementor-column elementor-col-100 elementor-top-column elementor-element elementor-element-a96fce6\" data-id=\"a96fce6\" data-element_type=\"column\">\n\t\t\t<div class=\"elementor-widget-wrap elementor-element-populated\">\n\t\t\t\t\t\t<div class=\"elementor-element elementor-element-0d0e902 elementor-widget elementor-widget-text-editor\" data-id=\"0d0e902\" data-element_type=\"widget\" data-widget_type=\"text-editor.default\">\n\t\t\t\t<div class=\"elementor-widget-container\">\n\t\t\t\t\t\t\t\t\t<h3><strong>Air\u00f3s: el nom i la imatge<\/strong><\/h3>\t\t\t\t\t\t\t\t<\/div>\n\t\t\t\t<\/div>\n\t\t\t\t\t<\/div>\n\t\t<\/div>\n\t\t\t\t\t<\/div>\n\t\t<\/section>\n\t\t\t\t<section class=\"elementor-section elementor-top-section elementor-element elementor-element-7c3219a elementor-section-boxed elementor-section-height-default elementor-section-height-default\" data-id=\"7c3219a\" data-element_type=\"section\">\n\t\t\t\t\t\t<div class=\"elementor-container elementor-column-gap-default\">\n\t\t\t\t\t<div class=\"elementor-column elementor-col-100 elementor-top-column elementor-element elementor-element-a8dc4b0\" data-id=\"a8dc4b0\" data-element_type=\"column\">\n\t\t\t<div class=\"elementor-widget-wrap elementor-element-populated\">\n\t\t\t\t\t\t<div class=\"elementor-element elementor-element-8b9f27e elementor-widget elementor-widget-text-editor\" data-id=\"8b9f27e\" data-element_type=\"widget\" data-widget_type=\"text-editor.default\">\n\t\t\t\t<div class=\"elementor-widget-container\">\n\t\t\t\t\t\t\t\t\t<p>Air\u00f3s com els vespres de marinada a les vinyes de Vallbona de les Monges. Perqu\u00e8 air\u00f3s significa vent\u00f3s, airejat, refrescat. Aquesta primera accepci\u00f3 del diccionari ens trasllada a l\u2019ambient ventilat que proporciona el vent que ve de mar i que \u00e9s molt caracter\u00edstic a la subzona Valls del Riu Corb. Un vent que refresca els vespres c\u00e0lids d\u2019estiu i que, a nivell agron\u00f2mic, afavoreix la bona maduraci\u00f3 del ra\u00efm.<\/p><p>Per\u00f2 el nom tamb\u00e9 dota el vi d\u2019un car\u00e0cter o personalitat humana: una persona airosa \u00e9s alg\u00fa gentil, alegre, animat. \u201cQue t\u00e9 gr\u00e0cia i desimboltura\u201d, ho defineix el diccionari de l\u2019IEC. Un car\u00e0cter que enlla\u00e7a molt amb el perfil de vi que \u00e9s l\u2019Air\u00f3s: \u00e0gil, fresc, alegre.<\/p><p>Aquest vi, a m\u00e9s, s\u2019integra dins la fam\u00edlia de vins joves de L\u2019Olivera, que representen, cada un, un car\u00e0cter: Ser\u00e9 (vi blanc), Tossudes (vi negre) i Air\u00f3s (vi rosat). Tres perfils, tres car\u00e0cters.<\/p><p>La imatge de l\u2019etiqueta \u00e9s obra de l\u2019estudi de disseny barcelon\u00ed <a href=\"https:\/\/clasebcn.com\/es\/\"><strong>Clase_bcn<\/strong><\/a>, amb qui L\u2019Olivera treballa des dels inicis. Una etiqueta subtil i delicada, com el vi, que dibuixa textures i evoca sensacions: la de l\u2019aire, la de la vaporositat. Una idea abstracta que \u00e9s una representaci\u00f3 de la lleugeresa, amb senzillesa i simplicitat, que lliga el perfil del vi amb la seva imatge.<\/p>\t\t\t\t\t\t\t\t<\/div>\n\t\t\t\t<\/div>\n\t\t\t\t\t<\/div>\n\t\t<\/div>\n\t\t\t\t\t<\/div>\n\t\t<\/section>\n\t\t\t\t<section class=\"elementor-section elementor-top-section elementor-element elementor-element-1865f91 elementor-section-boxed elementor-section-height-default elementor-section-height-default\" data-id=\"1865f91\" data-element_type=\"section\">\n\t\t\t\t\t\t<div class=\"elementor-container elementor-column-gap-default\">\n\t\t\t\t\t<div class=\"elementor-column elementor-col-100 elementor-top-column elementor-element elementor-element-cc90a26\" data-id=\"cc90a26\" data-element_type=\"column\">\n\t\t\t<div class=\"elementor-widget-wrap elementor-element-populated\">\n\t\t\t\t\t\t<div class=\"elementor-element elementor-element-e8fe2a9 elementor-widget elementor-widget-image\" data-id=\"e8fe2a9\" data-element_type=\"widget\" data-widget_type=\"image.default\">\n\t\t\t\t<div class=\"elementor-widget-container\">\n\t\t\t\t\t\t\t\t\t\t\t\t\t\t\t<img fetchpriority=\"high\" decoding=\"async\" width=\"768\" height=\"512\" src=\"https:\/\/olivera.org\/wp-content\/uploads\/2023\/04\/airos4-768x512.jpg\" class=\"attachment-medium_large size-medium_large wp-image-20827\" alt=\"\" srcset=\"https:\/\/olivera.org\/wp-content\/uploads\/2023\/04\/airos4-768x512.jpg 768w, https:\/\/olivera.org\/wp-content\/uploads\/2023\/04\/airos4-300x200.jpg 300w, https:\/\/olivera.org\/wp-content\/uploads\/2023\/04\/airos4-1024x683.jpg 1024w, https:\/\/olivera.org\/wp-content\/uploads\/2023\/04\/airos4-1536x1024.jpg 1536w, https:\/\/olivera.org\/wp-content\/uploads\/2023\/04\/airos4-2048x1365.jpg 2048w, https:\/\/olivera.org\/wp-content\/uploads\/2023\/04\/airos4-600x400.jpg 600w\" sizes=\"(max-width: 768px) 100vw, 768px\" \/>\t\t\t\t\t\t\t\t\t\t\t\t\t\t\t<\/div>\n\t\t\t\t<\/div>\n\t\t\t\t\t<\/div>\n\t\t<\/div>\n\t\t\t\t\t<\/div>\n\t\t<\/section>\n\t\t\t\t<\/div>\n\t\t","protected":false},"excerpt":{"rendered":"<p>Es tracta d&#8217;un monovarietal de Garnatxa negra, ecol\u00f2gic i veg\u00e0, sota la denominaci\u00f3 d&#8217;origen Costers del Segre Despr\u00e9s de m\u00e9s de 30 anys elaborant vins blancs, negres, dol\u00e7os i escumosos, L\u2019Olivera fa un pas m\u00e9s i ara treu al mercat el seu primer vi rosat. Air\u00f3s \u00e9s el nom d\u2019aquest nou vi del celler de [&hellip;]<\/p>\n","protected":false},"author":12,"featured_media":20816,"comment_status":"open","ping_status":"open","sticky":false,"template":"","format":"standard","meta":{"_acf_changed":false,"_jetpack_memberships_contains_paid_content":false,"footnotes":""},"categories":[16],"tags":[],"class_list":["post-20779","post","type-post","status-publish","format-standard","has-post-thumbnail","hentry","category-sense-categoria"],"acf":[],"jetpack_featured_media_url":"https:\/\/olivera.org\/wp-content\/uploads\/2023\/04\/airos3-1-scaled.jpg","jetpack_sharing_enabled":true,"_links":{"self":[{"href":"https:\/\/olivera.org\/ca\/wp-json\/wp\/v2\/posts\/20779","targetHints":{"allow":["GET"]}}],"collection":[{"href":"https:\/\/olivera.org\/ca\/wp-json\/wp\/v2\/posts"}],"about":[{"href":"https:\/\/olivera.org\/ca\/wp-json\/wp\/v2\/types\/post"}],"author":[{"embeddable":true,"href":"https:\/\/olivera.org\/ca\/wp-json\/wp\/v2\/users\/12"}],"replies":[{"embeddable":true,"href":"https:\/\/olivera.org\/ca\/wp-json\/wp\/v2\/comments?post=20779"}],"version-history":[{"count":0,"href":"https:\/\/olivera.org\/ca\/wp-json\/wp\/v2\/posts\/20779\/revisions"}],"wp:featuredmedia":[{"embeddable":true,"href":"https:\/\/olivera.org\/ca\/wp-json\/wp\/v2\/media\/20816"}],"wp:attachment":[{"href":"https:\/\/olivera.org\/ca\/wp-json\/wp\/v2\/media?parent=20779"}],"wp:term":[{"taxonomy":"category","embeddable":true,"href":"https:\/\/olivera.org\/ca\/wp-json\/wp\/v2\/categories?post=20779"},{"taxonomy":"post_tag","embeddable":true,"href":"https:\/\/olivera.org\/ca\/wp-json\/wp\/v2\/tags?post=20779"}],"curies":[{"name":"wp","href":"https:\/\/api.w.org\/{rel}","templated":true}]}}