{"id":21269,"date":"2023-06-05T16:19:37","date_gmt":"2023-06-05T16:19:37","guid":{"rendered":"https:\/\/olivera.org\/?p=21269"},"modified":"2023-06-05T16:33:31","modified_gmt":"2023-06-05T16:33:31","slug":"nova-imatge-del-blanc-de-sere","status":"publish","type":"post","link":"https:\/\/olivera.org\/ca\/nova-imatge-del-blanc-de-sere\/","title":{"rendered":"Nova imatge per l&#8217;ic\u00f2nic Blanc de Ser\u00e8"},"content":{"rendered":"\t\t<div data-elementor-type=\"wp-post\" data-elementor-id=\"21269\" class=\"elementor elementor-21269\" data-elementor-post-type=\"post\">\n\t\t\t\t\t\t<section class=\"elementor-section elementor-top-section elementor-element elementor-element-3499b51 elementor-section-boxed elementor-section-height-default elementor-section-height-default\" data-id=\"3499b51\" data-element_type=\"section\">\n\t\t\t\t\t\t<div class=\"elementor-container elementor-column-gap-default\">\n\t\t\t\t\t<div class=\"elementor-column elementor-col-100 elementor-top-column elementor-element elementor-element-4553368\" data-id=\"4553368\" data-element_type=\"column\">\n\t\t\t<div class=\"elementor-widget-wrap elementor-element-populated\">\n\t\t\t\t\t\t<div class=\"elementor-element elementor-element-051e68c elementor-widget elementor-widget-text-editor\" data-id=\"051e68c\" data-element_type=\"widget\" data-widget_type=\"text-editor.default\">\n\t\t\t\t<div class=\"elementor-widget-container\">\n\t\t\t\t\t\t\t\t\t<p style=\"text-align: center;\"><strong>La nova etiqueta s\u2019inspira en el vent de ponent que d\u00f3na nom al primer vi amb que L\u2019Olivera s\u2019iniciava en la producci\u00f3 de vins, l\u2019any 1989, fa m\u00e9s de 30 anys<\/strong><\/p>\t\t\t\t\t\t\t\t<\/div>\n\t\t\t\t<\/div>\n\t\t\t\t\t<\/div>\n\t\t<\/div>\n\t\t\t\t\t<\/div>\n\t\t<\/section>\n\t\t\t\t<section class=\"elementor-section elementor-top-section elementor-element elementor-element-cfdee95 elementor-section-boxed elementor-section-height-default elementor-section-height-default\" data-id=\"cfdee95\" data-element_type=\"section\">\n\t\t\t\t\t\t<div class=\"elementor-container elementor-column-gap-default\">\n\t\t\t\t\t<div class=\"elementor-column elementor-col-100 elementor-top-column elementor-element elementor-element-d3c5702\" data-id=\"d3c5702\" data-element_type=\"column\">\n\t\t\t<div class=\"elementor-widget-wrap elementor-element-populated\">\n\t\t\t\t\t\t<div class=\"elementor-element elementor-element-e690908 elementor-widget elementor-widget-text-editor\" data-id=\"e690908\" data-element_type=\"widget\" data-widget_type=\"text-editor.default\">\n\t\t\t\t<div class=\"elementor-widget-container\">\n\t\t\t\t\t\t\t\t\t<p>Nova anyada i nova imatge. El <a href=\"https:\/\/olivera.org\/ca\/producte\/vi-blanc-de-sere\/\">Blanc de Ser\u00e8<\/a> arriba al mercat amb una imatge renovada que s\u2019inspira en el vent de ponent que d\u00f3na nom al vi: el Ser\u00e8. El Ser\u00e8 \u00e9s el vent del nord-oest que bufa sovint a Vallbona de les Monges i a tota la zona d\u2019interior. Com el vent, aquest \u00e9s un vi fresc i sec.<\/p><p>A l\u2019etiqueta, un llen\u00e7ols estesos en un mat\u00ed d\u2019hivern airejat pel vent Ser\u00e8. Una imatge senzilla per\u00f2 a la vegada inspiradora, que evoca senzillesa i subtilitat, un car\u00e0cter fresc i delicat alhora. Com el vi.<\/p>\t\t\t\t\t\t\t\t<\/div>\n\t\t\t\t<\/div>\n\t\t\t\t\t<\/div>\n\t\t<\/div>\n\t\t\t\t\t<\/div>\n\t\t<\/section>\n\t\t\t\t<section class=\"elementor-section elementor-top-section elementor-element elementor-element-5c08f47 elementor-section-boxed elementor-section-height-default elementor-section-height-default\" data-id=\"5c08f47\" data-element_type=\"section\">\n\t\t\t\t\t\t<div class=\"elementor-container elementor-column-gap-default\">\n\t\t\t\t\t<div class=\"elementor-column elementor-col-100 elementor-top-column elementor-element elementor-element-b0e8a64\" data-id=\"b0e8a64\" data-element_type=\"column\">\n\t\t\t<div class=\"elementor-widget-wrap elementor-element-populated\">\n\t\t\t\t\t\t<section class=\"elementor-section elementor-inner-section elementor-element elementor-element-85b0fbf elementor-section-boxed elementor-section-height-default elementor-section-height-default\" data-id=\"85b0fbf\" data-element_type=\"section\">\n\t\t\t\t\t\t<div class=\"elementor-container elementor-column-gap-default\">\n\t\t\t\t\t<div class=\"elementor-column elementor-col-50 elementor-inner-column elementor-element elementor-element-3927124\" data-id=\"3927124\" data-element_type=\"column\">\n\t\t\t<div class=\"elementor-widget-wrap elementor-element-populated\">\n\t\t\t\t\t\t<div class=\"elementor-element elementor-element-39b763b elementor-widget elementor-widget-image\" data-id=\"39b763b\" data-element_type=\"widget\" data-widget_type=\"image.default\">\n\t\t\t\t<div class=\"elementor-widget-container\">\n\t\t\t\t\t\t\t\t\t\t\t\t\t\t\t<img fetchpriority=\"high\" decoding=\"async\" width=\"768\" height=\"1144\" src=\"https:\/\/olivera.org\/wp-content\/uploads\/2023\/06\/bs5-768x1144.jpg\" class=\"attachment-medium_large size-medium_large wp-image-21286\" alt=\"\" srcset=\"https:\/\/olivera.org\/wp-content\/uploads\/2023\/06\/bs5-768x1144.jpg 768w, https:\/\/olivera.org\/wp-content\/uploads\/2023\/06\/bs5-201x300.jpg 201w, https:\/\/olivera.org\/wp-content\/uploads\/2023\/06\/bs5-688x1024.jpg 688w, https:\/\/olivera.org\/wp-content\/uploads\/2023\/06\/bs5-1031x1536.jpg 1031w, https:\/\/olivera.org\/wp-content\/uploads\/2023\/06\/bs5-1375x2048.jpg 1375w, https:\/\/olivera.org\/wp-content\/uploads\/2023\/06\/bs5-600x894.jpg 600w, https:\/\/olivera.org\/wp-content\/uploads\/2023\/06\/bs5-scaled.jpg 1719w\" sizes=\"(max-width: 768px) 100vw, 768px\" \/>\t\t\t\t\t\t\t\t\t\t\t\t\t\t\t<\/div>\n\t\t\t\t<\/div>\n\t\t\t\t\t<\/div>\n\t\t<\/div>\n\t\t\t\t<div class=\"elementor-column elementor-col-50 elementor-inner-column elementor-element elementor-element-fcc11f9\" data-id=\"fcc11f9\" data-element_type=\"column\">\n\t\t\t<div class=\"elementor-widget-wrap elementor-element-populated\">\n\t\t\t\t\t\t<div class=\"elementor-element elementor-element-6739f49 elementor-widget elementor-widget-image\" data-id=\"6739f49\" data-element_type=\"widget\" data-widget_type=\"image.default\">\n\t\t\t\t<div class=\"elementor-widget-container\">\n\t\t\t\t\t\t\t\t\t\t\t\t\t\t\t<img decoding=\"async\" width=\"800\" height=\"534\" src=\"https:\/\/olivera.org\/wp-content\/uploads\/2023\/06\/bs6-1024x683.jpg\" class=\"attachment-large size-large wp-image-21292\" alt=\"\" srcset=\"https:\/\/olivera.org\/wp-content\/uploads\/2023\/06\/bs6-1024x683.jpg 1024w, https:\/\/olivera.org\/wp-content\/uploads\/2023\/06\/bs6-300x200.jpg 300w, https:\/\/olivera.org\/wp-content\/uploads\/2023\/06\/bs6-768x512.jpg 768w, https:\/\/olivera.org\/wp-content\/uploads\/2023\/06\/bs6-1536x1024.jpg 1536w, https:\/\/olivera.org\/wp-content\/uploads\/2023\/06\/bs6-2048x1365.jpg 2048w, https:\/\/olivera.org\/wp-content\/uploads\/2023\/06\/bs6-600x400.jpg 600w\" sizes=\"(max-width: 800px) 100vw, 800px\" \/>\t\t\t\t\t\t\t\t\t\t\t\t\t\t\t<\/div>\n\t\t\t\t<\/div>\n\t\t\t\t\t<\/div>\n\t\t<\/div>\n\t\t\t\t\t<\/div>\n\t\t<\/section>\n\t\t\t\t\t<\/div>\n\t\t<\/div>\n\t\t\t\t\t<\/div>\n\t\t<\/section>\n\t\t\t\t<section class=\"elementor-section elementor-top-section elementor-element elementor-element-e58a692 elementor-section-boxed elementor-section-height-default elementor-section-height-default\" data-id=\"e58a692\" data-element_type=\"section\">\n\t\t\t\t\t\t<div class=\"elementor-container elementor-column-gap-default\">\n\t\t\t\t\t<div class=\"elementor-column elementor-col-100 elementor-top-column elementor-element elementor-element-9ae8664\" data-id=\"9ae8664\" data-element_type=\"column\">\n\t\t\t<div class=\"elementor-widget-wrap elementor-element-populated\">\n\t\t\t\t\t\t<div class=\"elementor-element elementor-element-ff4127b elementor-widget elementor-widget-text-editor\" data-id=\"ff4127b\" data-element_type=\"widget\" data-widget_type=\"text-editor.default\">\n\t\t\t\t<div class=\"elementor-widget-container\">\n\t\t\t\t\t\t\t\t\t<p>La nova imatge \u00e9s obra de l\u2019estudi de disseny gr\u00e0fic <strong><a href=\"https:\/\/clasebcn.com\/es\/\">Clase_bcn<\/a><\/strong> que trasllada a l\u2019etiqueta el car\u00e0cter d\u2019un vi per fer-hi viure, en ella, un relat que ens parla de frescor, de delicadesa. D\u2019una quotidianitat rural, d\u2019un paisatge hum\u00e0 airejat pel vent de ponent. De fet, el dissenyador barcelon\u00ed de Clase_bcn Claret Serrahima ja va ser, l\u2019any 1989, l\u2019art\u00edfex de la primera etiqueta d\u2019aquest vi que era, tamb\u00e9, el primer de L\u2019Olivera. Des d\u2019aleshores, Serrahima ha estat l\u2019autor de la imatge corporativa de L\u2019Olivera i tamb\u00e9 de les seves etiquetes.<\/p>\t\t\t\t\t\t\t\t<\/div>\n\t\t\t\t<\/div>\n\t\t\t\t\t<\/div>\n\t\t<\/div>\n\t\t\t\t\t<\/div>\n\t\t<\/section>\n\t\t\t\t<section class=\"elementor-section elementor-top-section elementor-element elementor-element-88c38af elementor-section-boxed elementor-section-height-default elementor-section-height-default\" data-id=\"88c38af\" data-element_type=\"section\">\n\t\t\t\t\t\t<div class=\"elementor-container elementor-column-gap-default\">\n\t\t\t\t\t<div class=\"elementor-column elementor-col-100 elementor-top-column elementor-element elementor-element-b5ebbf6\" data-id=\"b5ebbf6\" data-element_type=\"column\">\n\t\t\t<div class=\"elementor-widget-wrap elementor-element-populated\">\n\t\t\t\t\t\t<div class=\"elementor-element elementor-element-cfefe6f elementor-widget elementor-widget-image\" data-id=\"cfefe6f\" data-element_type=\"widget\" data-widget_type=\"image.default\">\n\t\t\t\t<div class=\"elementor-widget-container\">\n\t\t\t\t\t\t\t\t\t\t\t\t\t\t\t<img decoding=\"async\" width=\"800\" height=\"534\" src=\"https:\/\/olivera.org\/wp-content\/uploads\/2023\/06\/etiquetes-1024x683.jpg\" class=\"attachment-large size-large wp-image-21313\" alt=\"\" srcset=\"https:\/\/olivera.org\/wp-content\/uploads\/2023\/06\/etiquetes-1024x683.jpg 1024w, https:\/\/olivera.org\/wp-content\/uploads\/2023\/06\/etiquetes-300x200.jpg 300w, https:\/\/olivera.org\/wp-content\/uploads\/2023\/06\/etiquetes-768x512.jpg 768w, https:\/\/olivera.org\/wp-content\/uploads\/2023\/06\/etiquetes-1536x1024.jpg 1536w, https:\/\/olivera.org\/wp-content\/uploads\/2023\/06\/etiquetes-2048x1365.jpg 2048w, https:\/\/olivera.org\/wp-content\/uploads\/2023\/06\/etiquetes-600x400.jpg 600w\" sizes=\"(max-width: 800px) 100vw, 800px\" \/>\t\t\t\t\t\t\t\t\t\t\t\t\t\t\t<\/div>\n\t\t\t\t<\/div>\n\t\t\t\t\t<\/div>\n\t\t<\/div>\n\t\t\t\t\t<\/div>\n\t\t<\/section>\n\t\t\t\t<\/div>\n\t\t","protected":false},"excerpt":{"rendered":"<p>La nova etiqueta s\u2019inspira en el vent de ponent que d\u00f3na nom al primer vi amb que L\u2019Olivera s\u2019iniciava en la producci\u00f3 de vins, l\u2019any 1989, fa m\u00e9s de 30 anys Nova anyada i nova imatge. El Blanc de Ser\u00e8 arriba al mercat amb una imatge renovada que s\u2019inspira en el vent de ponent que [&hellip;]<\/p>\n","protected":false},"author":12,"featured_media":21270,"comment_status":"open","ping_status":"open","sticky":false,"template":"","format":"standard","meta":{"_acf_changed":false,"_jetpack_memberships_contains_paid_content":false,"footnotes":""},"categories":[16],"tags":[],"class_list":["post-21269","post","type-post","status-publish","format-standard","has-post-thumbnail","hentry","category-sense-categoria"],"acf":[],"jetpack_featured_media_url":"https:\/\/olivera.org\/wp-content\/uploads\/2023\/06\/bs1-scaled.jpg","jetpack_sharing_enabled":true,"_links":{"self":[{"href":"https:\/\/olivera.org\/ca\/wp-json\/wp\/v2\/posts\/21269","targetHints":{"allow":["GET"]}}],"collection":[{"href":"https:\/\/olivera.org\/ca\/wp-json\/wp\/v2\/posts"}],"about":[{"href":"https:\/\/olivera.org\/ca\/wp-json\/wp\/v2\/types\/post"}],"author":[{"embeddable":true,"href":"https:\/\/olivera.org\/ca\/wp-json\/wp\/v2\/users\/12"}],"replies":[{"embeddable":true,"href":"https:\/\/olivera.org\/ca\/wp-json\/wp\/v2\/comments?post=21269"}],"version-history":[{"count":0,"href":"https:\/\/olivera.org\/ca\/wp-json\/wp\/v2\/posts\/21269\/revisions"}],"wp:featuredmedia":[{"embeddable":true,"href":"https:\/\/olivera.org\/ca\/wp-json\/wp\/v2\/media\/21270"}],"wp:attachment":[{"href":"https:\/\/olivera.org\/ca\/wp-json\/wp\/v2\/media?parent=21269"}],"wp:term":[{"taxonomy":"category","embeddable":true,"href":"https:\/\/olivera.org\/ca\/wp-json\/wp\/v2\/categories?post=21269"},{"taxonomy":"post_tag","embeddable":true,"href":"https:\/\/olivera.org\/ca\/wp-json\/wp\/v2\/tags?post=21269"}],"curies":[{"name":"wp","href":"https:\/\/api.w.org\/{rel}","templated":true}]}}