{"id":27268,"date":"2024-08-12T13:22:17","date_gmt":"2024-08-12T13:22:17","guid":{"rendered":"https:\/\/olivera.org\/?p=27268"},"modified":"2024-08-12T13:25:18","modified_gmt":"2024-08-12T13:25:18","slug":"comenca-la-verema-al-parc-agrari-de-sabadell-la-mes-primerenca-de-la-historia-amb-una-bona-previsio-de-collita","status":"publish","type":"post","link":"https:\/\/olivera.org\/ca\/comenca-la-verema-al-parc-agrari-de-sabadell-la-mes-primerenca-de-la-historia-amb-una-bona-previsio-de-collita\/","title":{"rendered":"Comen\u00e7a la verema al Parc Agrari de Sabadell, la m\u00e9s primerenca de la hist\u00f2ria"},"content":{"rendered":"\t\t<div data-elementor-type=\"wp-post\" data-elementor-id=\"27268\" class=\"elementor elementor-27268\" data-elementor-post-type=\"post\">\n\t\t\t\t\t\t<section class=\"elementor-section elementor-top-section elementor-element elementor-element-22ecabe elementor-section-boxed elementor-section-height-default elementor-section-height-default\" data-id=\"22ecabe\" data-element_type=\"section\">\n\t\t\t\t\t\t<div class=\"elementor-container elementor-column-gap-default\">\n\t\t\t\t\t<div class=\"elementor-column elementor-col-100 elementor-top-column elementor-element elementor-element-0b74c45\" data-id=\"0b74c45\" data-element_type=\"column\">\n\t\t\t<div class=\"elementor-widget-wrap elementor-element-populated\">\n\t\t\t\t\t\t<div class=\"elementor-element elementor-element-46490d6 elementor-widget elementor-widget-text-editor\" data-id=\"46490d6\" data-element_type=\"widget\" data-widget_type=\"text-editor.default\">\n\t\t\t\t<div class=\"elementor-widget-container\">\n\t\t\t\t\t\t\t\t\t<h3 style=\"text-align: center;\">Les altes temperatures fan avan\u00e7ar una campanya de verema que es preveu bona i de molta qualitat<\/h3>\t\t\t\t\t\t\t\t<\/div>\n\t\t\t\t<\/div>\n\t\t\t\t\t<\/div>\n\t\t<\/div>\n\t\t\t\t\t<\/div>\n\t\t<\/section>\n\t\t\t\t<section class=\"elementor-section elementor-top-section elementor-element elementor-element-3fd2b1e elementor-section-boxed elementor-section-height-default elementor-section-height-default\" data-id=\"3fd2b1e\" data-element_type=\"section\">\n\t\t\t\t\t\t<div class=\"elementor-container elementor-column-gap-default\">\n\t\t\t\t\t<div class=\"elementor-column elementor-col-100 elementor-top-column elementor-element elementor-element-a1d5429\" data-id=\"a1d5429\" data-element_type=\"column\">\n\t\t\t<div class=\"elementor-widget-wrap elementor-element-populated\">\n\t\t\t\t\t\t<div class=\"elementor-element elementor-element-007f3cb elementor-widget elementor-widget-text-editor\" data-id=\"007f3cb\" data-element_type=\"widget\" data-widget_type=\"text-editor.default\">\n\t\t\t\t<div class=\"elementor-widget-container\">\n\t\t\t\t\t\t\t\t\t<p>L\u2019Olivera estrena la campanya de verema a la finca de Can Gamb\u00fas, al Parc Agrari de Sabadell. Arranca aix\u00ed la verema m\u00e9s primerenca de la hist\u00f2ria en aquesta finca municipal, que L\u2019Olivera gestiona des de l\u2019any 2010. Les altes temperatures de juliol i inicis d\u2019agost, juntament amb un hivern molt c\u00e0lid, han fet avan\u00e7ar la verema, una tend\u00e8ncia que es mant\u00e9 en els darrers anys.<\/p>\t\t\t\t\t\t\t\t<\/div>\n\t\t\t\t<\/div>\n\t\t\t\t\t<\/div>\n\t\t<\/div>\n\t\t\t\t\t<\/div>\n\t\t<\/section>\n\t\t\t\t<section class=\"elementor-section elementor-top-section elementor-element elementor-element-ad18b50 elementor-section-boxed elementor-section-height-default elementor-section-height-default\" data-id=\"ad18b50\" data-element_type=\"section\">\n\t\t\t\t\t\t<div class=\"elementor-container elementor-column-gap-default\">\n\t\t\t\t\t<div class=\"elementor-column elementor-col-100 elementor-top-column elementor-element elementor-element-c9e336a\" data-id=\"c9e336a\" data-element_type=\"column\">\n\t\t\t<div class=\"elementor-widget-wrap elementor-element-populated\">\n\t\t\t\t\t\t<div class=\"elementor-element elementor-element-da11c29 elementor-widget elementor-widget-text-editor\" data-id=\"da11c29\" data-element_type=\"widget\" data-widget_type=\"text-editor.default\">\n\t\t\t\t<div class=\"elementor-widget-container\">\n\t\t\t\t\t\t\t\t\t<p>Tot i aix\u00ed, es preveu una bona collita, similar o lleugerament superior a la de l\u2019any passat, ja que aquest any les plantes presenten una lleugera recuperaci\u00f3 de la sequera, gr\u00e0cies a la pluviometria d\u2019aquest any i tamb\u00e9, al reg de suport que s\u2019ha fet a la finca a partir del mes de juny, que han perm\u00e8s alleugerir l\u2019estr\u00e8s h\u00eddric de les plantes. Segons el responsable de camp de L\u2019Olivera \u2013 Can Calopa, Carlos Cabrera, tot plegat ha fet que les plantes presentin m\u00e9s vigor i tinguin gotims m\u00e9s grans, un s\u00edmptoma de la recuperaci\u00f3 d\u2019aquestes plantes que han patit molt estr\u00e8s h\u00eddric durant els darrers tres anys. \u201cEl reg de suport ens permetr\u00e0, poc a poc, anar homogene\u00eftzant les veremes\u201d, ha explicat Cabrera.<\/p>\t\t\t\t\t\t\t\t<\/div>\n\t\t\t\t<\/div>\n\t\t\t\t\t<\/div>\n\t\t<\/div>\n\t\t\t\t\t<\/div>\n\t\t<\/section>\n\t\t\t\t<section class=\"elementor-section elementor-top-section elementor-element elementor-element-c024f66 elementor-section-boxed elementor-section-height-default elementor-section-height-default\" data-id=\"c024f66\" data-element_type=\"section\">\n\t\t\t\t\t\t<div class=\"elementor-container elementor-column-gap-default\">\n\t\t\t\t\t<div class=\"elementor-column elementor-col-100 elementor-top-column elementor-element elementor-element-71cc36f\" data-id=\"71cc36f\" data-element_type=\"column\">\n\t\t\t<div class=\"elementor-widget-wrap elementor-element-populated\">\n\t\t\t\t\t\t<section class=\"elementor-section elementor-inner-section elementor-element elementor-element-fe8555b elementor-section-boxed elementor-section-height-default elementor-section-height-default\" data-id=\"fe8555b\" data-element_type=\"section\">\n\t\t\t\t\t\t<div class=\"elementor-container elementor-column-gap-default\">\n\t\t\t\t\t<div class=\"elementor-column elementor-col-50 elementor-inner-column elementor-element elementor-element-1adf2b6\" data-id=\"1adf2b6\" data-element_type=\"column\">\n\t\t\t<div class=\"elementor-widget-wrap elementor-element-populated\">\n\t\t\t\t\t\t<div class=\"elementor-element elementor-element-9acb232 elementor-widget elementor-widget-image\" data-id=\"9acb232\" data-element_type=\"widget\" data-widget_type=\"image.default\">\n\t\t\t\t<div class=\"elementor-widget-container\">\n\t\t\t\t\t\t\t\t\t\t\t\t\t\t\t<img fetchpriority=\"high\" decoding=\"async\" width=\"768\" height=\"1024\" src=\"https:\/\/olivera.org\/wp-content\/uploads\/2024\/08\/WhatsApp-Image-2024-08-12-at-13.48.56-1-768x1024.jpeg\" class=\"attachment-large size-large wp-image-27317\" alt=\"\" srcset=\"https:\/\/olivera.org\/wp-content\/uploads\/2024\/08\/WhatsApp-Image-2024-08-12-at-13.48.56-1-768x1024.jpeg 768w, https:\/\/olivera.org\/wp-content\/uploads\/2024\/08\/WhatsApp-Image-2024-08-12-at-13.48.56-1-225x300.jpeg 225w, https:\/\/olivera.org\/wp-content\/uploads\/2024\/08\/WhatsApp-Image-2024-08-12-at-13.48.56-1-1152x1536.jpeg 1152w, https:\/\/olivera.org\/wp-content\/uploads\/2024\/08\/WhatsApp-Image-2024-08-12-at-13.48.56-1-600x800.jpeg 600w, https:\/\/olivera.org\/wp-content\/uploads\/2024\/08\/WhatsApp-Image-2024-08-12-at-13.48.56-1.jpeg 1200w\" sizes=\"(max-width: 768px) 100vw, 768px\" \/>\t\t\t\t\t\t\t\t\t\t\t\t\t\t\t<\/div>\n\t\t\t\t<\/div>\n\t\t\t\t\t<\/div>\n\t\t<\/div>\n\t\t\t\t<div class=\"elementor-column elementor-col-50 elementor-inner-column elementor-element elementor-element-7b96e3e\" data-id=\"7b96e3e\" data-element_type=\"column\">\n\t\t\t<div class=\"elementor-widget-wrap elementor-element-populated\">\n\t\t\t\t\t\t<div class=\"elementor-element elementor-element-cf5b9cf elementor-widget elementor-widget-image\" data-id=\"cf5b9cf\" data-element_type=\"widget\" data-widget_type=\"image.default\">\n\t\t\t\t<div class=\"elementor-widget-container\">\n\t\t\t\t\t\t\t\t\t\t\t\t\t\t\t<img decoding=\"async\" width=\"768\" height=\"1024\" src=\"https:\/\/olivera.org\/wp-content\/uploads\/2024\/08\/WhatsApp-Image-2024-08-12-at-13.49.00-768x1024.jpeg\" class=\"attachment-large size-large wp-image-27323\" alt=\"\" srcset=\"https:\/\/olivera.org\/wp-content\/uploads\/2024\/08\/WhatsApp-Image-2024-08-12-at-13.49.00-768x1024.jpeg 768w, https:\/\/olivera.org\/wp-content\/uploads\/2024\/08\/WhatsApp-Image-2024-08-12-at-13.49.00-225x300.jpeg 225w, https:\/\/olivera.org\/wp-content\/uploads\/2024\/08\/WhatsApp-Image-2024-08-12-at-13.49.00-1152x1536.jpeg 1152w, https:\/\/olivera.org\/wp-content\/uploads\/2024\/08\/WhatsApp-Image-2024-08-12-at-13.49.00-600x800.jpeg 600w, https:\/\/olivera.org\/wp-content\/uploads\/2024\/08\/WhatsApp-Image-2024-08-12-at-13.49.00.jpeg 1500w\" sizes=\"(max-width: 768px) 100vw, 768px\" \/>\t\t\t\t\t\t\t\t\t\t\t\t\t\t\t<\/div>\n\t\t\t\t<\/div>\n\t\t\t\t\t<\/div>\n\t\t<\/div>\n\t\t\t\t\t<\/div>\n\t\t<\/section>\n\t\t\t\t\t<\/div>\n\t\t<\/div>\n\t\t\t\t\t<\/div>\n\t\t<\/section>\n\t\t\t\t<section class=\"elementor-section elementor-top-section elementor-element elementor-element-813723f elementor-section-boxed elementor-section-height-default elementor-section-height-default\" data-id=\"813723f\" data-element_type=\"section\">\n\t\t\t\t\t\t<div class=\"elementor-container elementor-column-gap-default\">\n\t\t\t\t\t<div class=\"elementor-column elementor-col-100 elementor-top-column elementor-element elementor-element-9d358d8\" data-id=\"9d358d8\" data-element_type=\"column\">\n\t\t\t<div class=\"elementor-widget-wrap elementor-element-populated\">\n\t\t\t\t\t\t<div class=\"elementor-element elementor-element-4be6173 elementor-widget elementor-widget-text-editor\" data-id=\"4be6173\" data-element_type=\"widget\" data-widget_type=\"text-editor.default\">\n\t\t\t\t<div class=\"elementor-widget-container\">\n\t\t\t\t\t\t\t\t\t<p>Avui s\u2019ha comen\u00e7at a collir la varietat Chardonnay, la m\u00e9s primerenca, que servir\u00e0 per fer l\u2019<a href=\"https:\/\/olivera.org\/ca\/producte\/arraona-blanc\/\"><strong>Arraona Blanc<\/strong><\/a>, juntament amb el Xarel\u00b7lo que es collir\u00e0 la setmana que ve. La verema continuar\u00e0 amb la collita del Merlot i la Garnatxa negra que serviran per fer l\u2019<a href=\"https:\/\/olivera.org\/ca\/producte\/arraona-negre\/\"><strong>Arraona negre<\/strong><\/a>. En total, en sortiran unes 3000 ampolles.<\/p><p>Despr\u00e9s de les vinyes de Sabadell, l\u2019equip de L\u2019Olivera-Can Calopa continuar\u00e0 la campanya a les vinyes de Can Calopa, d\u2019on en surten dos vins ic\u00f2nics de la ciutat de Barcelona, el <strong><a href=\"https:\/\/olivera.org\/ca\/producte\/vinyes-de-barcelona\/\">Vinyes de Barcelona<\/a><\/strong> blanc i el negre. Uns vins que reivindiquen el llegat i la tradici\u00f3 vitivin\u00edcola de Collserola i la ciutat de Barcelona.<\/p>\t\t\t\t\t\t\t\t<\/div>\n\t\t\t\t<\/div>\n\t\t\t\t\t<\/div>\n\t\t<\/div>\n\t\t\t\t\t<\/div>\n\t\t<\/section>\n\t\t\t\t<\/div>\n\t\t","protected":false},"excerpt":{"rendered":"<p>Les altes temperatures fan avan\u00e7ar una campanya de verema que es preveu bona i de molta qualitat L\u2019Olivera estrena la campanya de verema a la finca de Can Gamb\u00fas, al Parc Agrari de Sabadell. Arranca aix\u00ed la verema m\u00e9s primerenca de la hist\u00f2ria en aquesta finca municipal, que L\u2019Olivera gestiona des de l\u2019any 2010. Les [&hellip;]<\/p>\n","protected":false},"author":12,"featured_media":27314,"comment_status":"open","ping_status":"open","sticky":false,"template":"","format":"standard","meta":{"_acf_changed":false,"_jetpack_memberships_contains_paid_content":false,"footnotes":""},"categories":[16],"tags":[],"class_list":["post-27268","post","type-post","status-publish","format-standard","has-post-thumbnail","hentry","category-sense-categoria"],"acf":[],"jetpack_featured_media_url":"https:\/\/olivera.org\/wp-content\/uploads\/2024\/08\/WhatsApp-Image-2024-08-12-at-13.48.52-2.jpeg","jetpack_sharing_enabled":true,"_links":{"self":[{"href":"https:\/\/olivera.org\/ca\/wp-json\/wp\/v2\/posts\/27268","targetHints":{"allow":["GET"]}}],"collection":[{"href":"https:\/\/olivera.org\/ca\/wp-json\/wp\/v2\/posts"}],"about":[{"href":"https:\/\/olivera.org\/ca\/wp-json\/wp\/v2\/types\/post"}],"author":[{"embeddable":true,"href":"https:\/\/olivera.org\/ca\/wp-json\/wp\/v2\/users\/12"}],"replies":[{"embeddable":true,"href":"https:\/\/olivera.org\/ca\/wp-json\/wp\/v2\/comments?post=27268"}],"version-history":[{"count":0,"href":"https:\/\/olivera.org\/ca\/wp-json\/wp\/v2\/posts\/27268\/revisions"}],"wp:featuredmedia":[{"embeddable":true,"href":"https:\/\/olivera.org\/ca\/wp-json\/wp\/v2\/media\/27314"}],"wp:attachment":[{"href":"https:\/\/olivera.org\/ca\/wp-json\/wp\/v2\/media?parent=27268"}],"wp:term":[{"taxonomy":"category","embeddable":true,"href":"https:\/\/olivera.org\/ca\/wp-json\/wp\/v2\/categories?post=27268"},{"taxonomy":"post_tag","embeddable":true,"href":"https:\/\/olivera.org\/ca\/wp-json\/wp\/v2\/tags?post=27268"}],"curies":[{"name":"wp","href":"https:\/\/api.w.org\/{rel}","templated":true}]}}