{"id":30622,"date":"2025-03-07T11:30:39","date_gmt":"2025-03-07T11:30:39","guid":{"rendered":"https:\/\/olivera.org\/?p=30622"},"modified":"2025-03-07T11:39:18","modified_gmt":"2025-03-07T11:39:18","slug":"el-ministeri-de-drets-socials-consum-i-agenda-2030-reconeix-la-trajectoria-de-lolivera-als-premis-activistes-pel-futur","status":"publish","type":"post","link":"https:\/\/olivera.org\/ca\/el-ministeri-de-drets-socials-consum-i-agenda-2030-reconeix-la-trajectoria-de-lolivera-als-premis-activistes-pel-futur\/","title":{"rendered":"El Ministeri de Drets Socials, Consum i Agenda 2030 reconeix la traject\u00f2ria de L\u2019Olivera als premis \u2018Activistes pel Futur\u2019"},"content":{"rendered":"<ul>\n<li style=\"font-weight: 400;\" aria-level=\"1\"><span style=\"font-weight: 400;\">Recollim el segon premi en la categoria \u2018Territoris sostenibles: reconeixement a les iniciatives dirigides a garantir un medi rural en igualtat de drets i oportunitats\u2019 a la cerim\u00f2nia celebrada a Madrid<\/span><\/li>\n<\/ul>\n<p><span style=\"font-weight: 400;\">El projecte \u2018L\u2019Olivera, 50 anys tossudes i dempeus\u2019 ha estat reconegut pel Ministeri de Drets Socials, Consum i Agenda 2030 a trav\u00e9s dels <\/span><b>premis \u2018Activistes pel Futur\u2019, que tenen per objectiu \u201cestimular i recon\u00e8ixer la traject\u00f2ria, dedicaci\u00f3 i contribuci\u00f3 d\u2019iniciatives i pr\u00e0ctiques d\u2019entitats socials, acad\u00e8miques i de l\u2019economia social<\/b><span style=\"font-weight: 400;\"> a l\u2019assoliment dels Objectius de Desenvolupament Sostenible de l\u2019Agenda 2030 a Espanya i al m\u00f3n\u201d.<\/span><\/p>\n<p><span style=\"font-weight: 400;\">La inscripci\u00f3 a aquests premis es fa a trav\u00e9s de candidatures presentades per tercers. En aquest cas, ha estat la <\/span><b>Federaci\u00f3 ALLEM de Lleida qui ha apostat per L\u2019Olivera, que ha guanyat el segon guard\u00f3 en la categoria \u2018Territoris sostenibles: reconeixement a les iniciatives dirigides a garantir un medi rural en igualtat de drets i oportunitats\u2019.<\/b><span style=\"font-weight: 400;\">\u00a0<\/span><\/p>\n<p><span style=\"font-weight: 400;\">Joan-Ramon Saura, president de la Federaci\u00f3 ALLEM, ha acompanyat la representaci\u00f3 de L\u2019Olivera a la cerim\u00f2nia d\u2019entrega de premis, que ha tingut lloc a la seu del ministeri a Madrid. Durant l\u2019esdeveniment, s\u2019ha destacat que aquests guardons responen a la voluntat de la Direcci\u00f3 General, del Ministeri i del Govern a \u201crecon\u00e8ixer projectes que provoquen impactes positius i tangibles al seu entorn\u201d i s\u2019ha posat en valor \u201cla import\u00e0ncia de la multilateralitat i enxarxament com a elements intr\u00ednsecs en totes les propostes guardonades, aix\u00ed com a valors a promoure i difondre en el context sociopol\u00edtic actual\u201d.\u00a0<\/span><\/p>\n<p><b>\u201cAquest premi \u00e9s un reconeixement a la traject\u00f2ria d\u2019un projecte i a totes les persones que l\u2019han fet possible des dels inicis i, alhora, una motivaci\u00f3 a seguir projectant L\u2019Olivera cap al futur\u201d ha explicat M\u00aa Dolors Llonch, presidenta de L\u2019Olivera.<\/b><\/p>\n<p><span style=\"font-weight: 400;\">El primer premi ha estat pel projecte gallec RE-MAR, de l\u2019Associaci\u00f3 Amicos, un projecte col\u00b7laboratiu que es basa en la ci\u00e8ncia ciutadana per refor\u00e7ar la col\u00b7laboraci\u00f3 entre sectors pesquers, la poblaci\u00f3 local i els visitants de les illes de Gal\u00edcia, per definir un model de desenvolupament local basat en la conservaci\u00f3 de l\u2019entorn litoral i mar\u00ed.<\/span><\/p>\n","protected":false},"excerpt":{"rendered":"<p>Recollim el segon premi en la categoria \u2018Territoris sostenibles: reconeixement a les iniciatives dirigides a garantir un medi rural en igualtat de drets i oportunitats\u2019 a la cerim\u00f2nia celebrada a Madrid El projecte \u2018L\u2019Olivera, 50 anys tossudes i dempeus\u2019 ha estat reconegut pel Ministeri de Drets Socials, Consum i Agenda 2030 a trav\u00e9s dels premis [&hellip;]<\/p>\n","protected":false},"author":12,"featured_media":30624,"comment_status":"open","ping_status":"open","sticky":false,"template":"","format":"standard","meta":{"_acf_changed":false,"_jetpack_memberships_contains_paid_content":false,"footnotes":""},"categories":[16],"tags":[],"class_list":["post-30622","post","type-post","status-publish","format-standard","has-post-thumbnail","hentry","category-sense-categoria"],"acf":[],"jetpack_featured_media_url":"https:\/\/olivera.org\/wp-content\/uploads\/2025\/03\/250306_Premios-Activistas-por-el-Futuro_35.jpg","jetpack_sharing_enabled":true,"_links":{"self":[{"href":"https:\/\/olivera.org\/ca\/wp-json\/wp\/v2\/posts\/30622","targetHints":{"allow":["GET"]}}],"collection":[{"href":"https:\/\/olivera.org\/ca\/wp-json\/wp\/v2\/posts"}],"about":[{"href":"https:\/\/olivera.org\/ca\/wp-json\/wp\/v2\/types\/post"}],"author":[{"embeddable":true,"href":"https:\/\/olivera.org\/ca\/wp-json\/wp\/v2\/users\/12"}],"replies":[{"embeddable":true,"href":"https:\/\/olivera.org\/ca\/wp-json\/wp\/v2\/comments?post=30622"}],"version-history":[{"count":1,"href":"https:\/\/olivera.org\/ca\/wp-json\/wp\/v2\/posts\/30622\/revisions"}],"predecessor-version":[{"id":30627,"href":"https:\/\/olivera.org\/ca\/wp-json\/wp\/v2\/posts\/30622\/revisions\/30627"}],"wp:featuredmedia":[{"embeddable":true,"href":"https:\/\/olivera.org\/ca\/wp-json\/wp\/v2\/media\/30624"}],"wp:attachment":[{"href":"https:\/\/olivera.org\/ca\/wp-json\/wp\/v2\/media?parent=30622"}],"wp:term":[{"taxonomy":"category","embeddable":true,"href":"https:\/\/olivera.org\/ca\/wp-json\/wp\/v2\/categories?post=30622"},{"taxonomy":"post_tag","embeddable":true,"href":"https:\/\/olivera.org\/ca\/wp-json\/wp\/v2\/tags?post=30622"}],"curies":[{"name":"wp","href":"https:\/\/api.w.org\/{rel}","templated":true}]}}