{"id":31350,"date":"2025-05-19T07:34:16","date_gmt":"2025-05-19T07:34:16","guid":{"rendered":"https:\/\/olivera.org\/?p=31350"},"modified":"2025-06-25T13:21:43","modified_gmt":"2025-06-25T13:21:43","slug":"el-grup-operatiu-vitirem-liderat-per-lolivera-promou-un-nou-model-per-a-la-viticultura-de-seca-amb-cobertes-vegetals","status":"publish","type":"post","link":"https:\/\/olivera.org\/ca\/el-grup-operatiu-vitirem-liderat-per-lolivera-promou-un-nou-model-per-a-la-viticultura-de-seca-amb-cobertes-vegetals\/","title":{"rendered":"El Grup Operatiu VITIREM, liderat per L\u2019Olivera, promou un nou model per a la viticultura de sec\u00e0 amb cobertes vegetals."},"content":{"rendered":"<ul>\n<li><b><span data-contrast=\"auto\">\u00c9s una iniciativa innovadora que respon al repte del canvi clim\u00e0tic en la viticultura catalana de sec\u00e0<\/span><\/b><span data-ccp-props=\"{&quot;335551550&quot;:6,&quot;335551620&quot;:6}\">\u00a0<\/span><\/li>\n<\/ul>\n<p><span data-contrast=\"auto\">Davant el repte creixent de la sequera i la manca de refer\u00e8ncies clares per gestionar cobertes vegetals en vinyes de sec\u00e0, el Grup Operatiu VITIREM, impulsat per L\u2019Olivera, vol proporcionar a t\u00e8cnics i productors una eina \u00fatil per guiar la presa de decisions estrat\u00e8giques i operatives a productors i t\u00e8cnics.\u00a0<\/span><span data-ccp-props=\"{&quot;335551550&quot;:6,&quot;335551620&quot;:6}\">\u00a0<\/span><\/p>\n<p><span data-contrast=\"auto\">Aix\u00ed, treballa en un model de presa de decisions per implementar cobertes vegetals en viticultura de sec\u00e0, des d\u2019una l\u00f2gica de conservaci\u00f3 i increment de la mat\u00e8ria org\u00e0nica del sol i d\u2019adaptaci\u00f3 al canvi clim\u00e0tic.<\/span><span data-ccp-props=\"{&quot;335551550&quot;:6,&quot;335551620&quot;:6}\">\u00a0<\/span><\/p>\n<p><span data-contrast=\"auto\">El model integrar\u00e0 coneixement agron\u00f2mic, dades ambientals i indicadors de sostenibilitat. A m\u00e9s, combina els principis de l\u2019An\u00e0lisi del Cicle de Vida (ACV), el cicle biol\u00f2gic de desenvolupament de la vinya i la definici\u00f3 de nous indicadors de sostenibilitat vinculats al context ambiental de sequera i estr\u00e8s h\u00eddric que pateixen els cultius de la vinya de sec\u00e0.\u00a0<\/span><span data-ccp-props=\"{&quot;335551550&quot;:6,&quot;335551620&quot;:6}\">\u00a0<\/span><\/p>\n<p><b><span data-contrast=\"auto\">Proves pilot a les vinyes de L\u2019Olivera<\/span><\/b><span data-ccp-props=\"{&quot;335551550&quot;:6,&quot;335551620&quot;:6}\">\u00a0<\/span><\/p>\n<p><span data-contrast=\"auto\">El projecte es desplega a partir de proves pilot a les vinyes de L\u2019Olivera, ubicades als municipis de Vallbona de les Monges, Nalec i Barcelona, amb diferents condicions clim\u00e0tiques i tipus de s\u00f2l. Les parcel\u00b7les de l\u2019estudi inclouen varietats com <\/span><i><span data-contrast=\"auto\">macabeu, garnatxa negra i xarel\u00b7lo <\/span><\/i><span data-contrast=\"auto\">i estan aplicant diferents tipus de cobertes vegetals \u2014 sembrades, espont\u00e0nies i inertes \u2013 per valorar els seus efectes sobre la qualitat del s\u00f2l, la disponibilitat d\u2019aigua, el rendiment del cultiu i la qualitat del ra\u00efm.<\/span><span data-ccp-props=\"{&quot;335551550&quot;:6,&quot;335551620&quot;:6}\">\u00a0<\/span><\/p>\n<p><b><span data-contrast=\"auto\">Innovaci\u00f3 i futur des del territori<\/span><\/b><span data-ccp-props=\"{&quot;335551550&quot;:6,&quot;335551620&quot;:6}\">\u00a0<\/span><\/p>\n<p><span data-contrast=\"auto\">El projecte GO-VITREM \u00e9s un pas endavant en l\u2019adaptaci\u00f3 de la viticultura al canvi clim\u00e0tic. Amb l\u2019experimentaci\u00f3 sobre el terreny i amb una aposta per la transfer\u00e8ncia de coneixement, comptant amb 12 entitats i empreses col\u00b7laboradores, aquest projecte vol dotar els viticultors de Catalunya d\u2019eines \u00fatils per afrontar els nous reptes al sector.<\/span><span data-ccp-props=\"{&quot;335551550&quot;:6,&quot;335551620&quot;:6}\">\u00a0<\/span><\/p>\n<p><span data-contrast=\"auto\">Fruit d\u2019aquest projecte de recerca, L\u2019Olivera ha rebut visites de grups de recerca catalans i estrangers per compartir coneixement, cosa que est\u00e0 aportant molt de coneixement al m\u00f3n viticultor de sec\u00e0. El projecte GO-VITREM est\u00e0 finan\u00e7at pel Departament d\u2019Agricultura de la Generalitat de Catalunya i els Fons Europeus FEADER.<\/span><\/p>\n<p><strong><a href=\"https:\/\/olivera.org\/wp-content\/uploads\/2025\/05\/thumbnail_image002.jpg\"><img decoding=\"async\" class=\"size-medium wp-image-31819 alignleft\" src=\"https:\/\/olivera.org\/wp-content\/uploads\/2025\/05\/thumbnail_image002-300x49.jpg\" alt=\"\" width=\"300\" height=\"49\" srcset=\"https:\/\/olivera.org\/wp-content\/uploads\/2025\/05\/thumbnail_image002-300x49.jpg 300w, https:\/\/olivera.org\/wp-content\/uploads\/2025\/05\/thumbnail_image002-768x126.jpg 768w, https:\/\/olivera.org\/wp-content\/uploads\/2025\/05\/thumbnail_image002-600x99.jpg 600w, https:\/\/olivera.org\/wp-content\/uploads\/2025\/05\/thumbnail_image002.jpg 974w\" sizes=\"(max-width: 300px) 100vw, 300px\" \/><\/a><\/strong><\/p>\n<p>&nbsp;<\/p>\n","protected":false},"excerpt":{"rendered":"<p>\u00c9s una iniciativa innovadora que respon al repte del canvi clim\u00e0tic en la viticultura catalana de sec\u00e0\u00a0 Davant el repte creixent de la sequera i la manca de refer\u00e8ncies clares per gestionar cobertes vegetals en vinyes de sec\u00e0, el Grup Operatiu VITIREM, impulsat per L\u2019Olivera, vol proporcionar a t\u00e8cnics i productors una eina \u00fatil per [&hellip;]<\/p>\n","protected":false},"author":12,"featured_media":31351,"comment_status":"closed","ping_status":"closed","sticky":false,"template":"","format":"standard","meta":{"_acf_changed":false,"_jetpack_memberships_contains_paid_content":false,"footnotes":""},"categories":[16],"tags":[],"class_list":["post-31350","post","type-post","status-publish","format-standard","has-post-thumbnail","hentry","category-sense-categoria"],"acf":[],"jetpack_featured_media_url":"https:\/\/olivera.org\/wp-content\/uploads\/2025\/05\/1747230988503.jpg","jetpack_sharing_enabled":true,"_links":{"self":[{"href":"https:\/\/olivera.org\/ca\/wp-json\/wp\/v2\/posts\/31350","targetHints":{"allow":["GET"]}}],"collection":[{"href":"https:\/\/olivera.org\/ca\/wp-json\/wp\/v2\/posts"}],"about":[{"href":"https:\/\/olivera.org\/ca\/wp-json\/wp\/v2\/types\/post"}],"author":[{"embeddable":true,"href":"https:\/\/olivera.org\/ca\/wp-json\/wp\/v2\/users\/12"}],"replies":[{"embeddable":true,"href":"https:\/\/olivera.org\/ca\/wp-json\/wp\/v2\/comments?post=31350"}],"version-history":[{"count":5,"href":"https:\/\/olivera.org\/ca\/wp-json\/wp\/v2\/posts\/31350\/revisions"}],"predecessor-version":[{"id":31752,"href":"https:\/\/olivera.org\/ca\/wp-json\/wp\/v2\/posts\/31350\/revisions\/31752"}],"wp:featuredmedia":[{"embeddable":true,"href":"https:\/\/olivera.org\/ca\/wp-json\/wp\/v2\/media\/31351"}],"wp:attachment":[{"href":"https:\/\/olivera.org\/ca\/wp-json\/wp\/v2\/media?parent=31350"}],"wp:term":[{"taxonomy":"category","embeddable":true,"href":"https:\/\/olivera.org\/ca\/wp-json\/wp\/v2\/categories?post=31350"},{"taxonomy":"post_tag","embeddable":true,"href":"https:\/\/olivera.org\/ca\/wp-json\/wp\/v2\/tags?post=31350"}],"curies":[{"name":"wp","href":"https:\/\/api.w.org\/{rel}","templated":true}]}}