{"id":31451,"date":"2025-05-21T14:04:15","date_gmt":"2025-05-21T14:04:15","guid":{"rendered":"https:\/\/olivera.org\/?p=31451"},"modified":"2025-05-21T14:37:56","modified_gmt":"2025-05-21T14:37:56","slug":"clara-griera-escollida-nova-presidenta-de-lolivera","status":"publish","type":"post","link":"https:\/\/olivera.org\/ca\/clara-griera-escollida-nova-presidenta-de-lolivera\/","title":{"rendered":"Clara Griera, escollida nova presidenta de L\u2019Olivera"},"content":{"rendered":"<p><b><span data-contrast=\"auto\">L\u2019assemblea general ordin\u00e0ria de s\u00f2cies de la cooperativa L\u2019Olivera es va reunir el passat divendres 25 d&#8217;abril a Vallbona de les Monges per renovar els c\u00e0rrecs de l\u2019organitzaci\u00f3 i fer el tancament de l\u2019activitat del 2024.<\/span><\/b><span data-ccp-props=\"{&quot;335551550&quot;:6,&quot;335551620&quot;:6}\">\u00a0<\/span><\/p>\n<p><span data-contrast=\"auto\">L\u2019en\u00f2loga del celler de Vallbona de les Monges i s\u00f2cia de treball de la cooperativa des de 2007, Clara Griera va ser escollida nova presidenta de L\u2019Olivera junt amb un equip format per Pau Moragas com a vicepresident; Mart\u00ed Monfort com a secretari; Enric Altisent com a tresorer; i Madior Gueye, Al\u00e8xia Rioja i Maria Pilar Massana com a vocals. Tots junts <\/span><span data-contrast=\"auto\">formen el Consell Rector de la cooperativa L\u2019Olivera, que exerceixen tamb\u00e9 de Patronat de la Fundaci\u00f3 L\u2019Olivera.<\/span><span data-ccp-props=\"{&quot;335551550&quot;:6,&quot;335551620&quot;:6}\">\u00a0<\/span><\/p>\n<p><span data-contrast=\"auto\">En relaci\u00f3 amb l\u2019assumpci\u00f3 del nou c\u00e0rrec, Griera\u00a0destaca que \u201cSempre m\u2019ha interessat el projecte pol\u00edtic de L\u2019Olivera. Vaig entrar-hi a treballar principalment motivada pel projecte de conviv\u00e8ncia i desenvolupament territorial i passat el primer any vaig implicar-m&#8217;hi com a s\u00f2cia de treball. Que a m\u00e9s hi pugui desenvolupar el meu ofici com a en\u00f2loga, \u00e9s un regal. Aix\u00ed que la presid\u00e8ncia m\u2019il\u00b7lusiona perqu\u00e8 m\u2019ofereix l\u2019oportunitat d&#8217;aprofundir encara m\u00e9s de tot el vessant societari i alhora \u00e9s un repte, ja que travessem un moment de transici\u00f3 que cal gestionar\u201d Al que hi afegeix mirada de futur, \u201cpenso que la visi\u00f3 ens empeny endavant, engegarem un nou Pla Estrat\u00e8gic que ens permeti abordar temes clau com vincular m\u00e9s socis al projecte, refermar els projectes d\u2019autonomia a les persones i eixamplar mercats. En aquesta l\u00ednia, sento que L\u2019Olivera pot ser un referent en innovaci\u00f3 social i desenvolupament rural i ser-ho des de l&#8217;activaci\u00f3 d\u2019estrat\u00e8gies comunit\u00e0ries que donin resposta a les necessitats de les persones\u201d. Finalment, amb relaci\u00f3 al relleu de la presid\u00e8ncia de Maria Dolors Llonch, que ha exercit el c\u00e0rrec des del 2018 fins a 2025,\u00a0 Griera destaca que \u201c\u00c9s bonic prendre el relleu d\u2019una presid\u00e8ncia tan humana, propera i vinculada al valor social de L\u2019Olivera. La Maria Dolors Llonch ha fet molta feina d\u2019impuls del projecte social de Can Calopa, de construcci\u00f3 d\u2019equips professionals molt humans i d\u2019aliances pol\u00edtiques per la consolidaci\u00f3 del projecte.\u201d<\/span><span data-ccp-props=\"{&quot;335551550&quot;:6,&quot;335551620&quot;:6}\">\u00a0<\/span><\/p>\n<p><span data-contrast=\"auto\">Igualment, la presidenta sortint, Maria Dolors Llonch destaca que &#8220;ha estat una gran responsabilitat treballar per fer un canvi en el model de gesti\u00f3 a L\u2019Olivera, mantenint l\u2019esperit fundacional del projecte i alhora avan\u00e7ant cap a un model de gesti\u00f3 m\u00e9s empresarial. Aix\u00f2 ha passat per generar nous equips i din\u00e0miques de treball, aix\u00ed com integrar tota l\u2019activitat de Can Calopa al projecte global de L\u2019Olivera. El nou Consell Rector tindr\u00e0 el repte de consolidar aquest canvi i seguir-lo explicant cara enfora per posicionar la proposta integral de conviv\u00e8ncia i producci\u00f3 \u00fanica que ofereix L\u2019Olivera. Tots els canvis generen oportunitats de millora i aquest estic segura que tamb\u00e9 ser\u00e0 aix\u00ed.&#8221;<\/span><span data-ccp-props=\"{}\">\u00a0<\/span><\/p>\n<p><span data-ccp-props=\"{}\">\u00a0<\/span><\/p>\n<p><b><span data-contrast=\"auto\">2024: Cinquanta anys d\u2019hist\u00f2ria<\/span><\/b><span data-ccp-props=\"{}\">\u00a0<\/span><\/p>\n<p><span data-contrast=\"auto\">L\u2019assemblea tamb\u00e9 va ser l\u2019espai de tancament formal de l\u2019activitat de 2024, un any marcat per la celebraci\u00f3 del cinquant\u00e8 aniversari de L\u2019Olivera. \u201cS\u00f3n cinquanta anys plens de somnis, utopies i dificultats per construir i consolidar un projecte transformador i agr\u00edcola\u201d, assenyala el director de L\u2019Olivera, Carles de Ahumada. Un any molt especial tamb\u00e9 perqu\u00e8 L\u2019Olivera va ser reconeguda amb el Premi al Millor Oli de Catalunya per l\u2019Oli de Finques; premi Memorial Josep Maria Salas Peir\u00f3 pel seu projecte de pisos d\u2019inserci\u00f3 a Molins de Rei; premi a la millor iniciativa sostenible en el tercer concurs de Denominaci\u00f3 d\u2019Origen Costers del Segre; el reconeixement d\u2019Slow Food per la producci\u00f3 responsable; el premi Josep Mercader del F\u00f2rum de Barcelona i el Premi a Millor iniciativa solid\u00e0ria en el m\u00f3n del vi que atorga l\u2019Associaci\u00f3 Catalana de Sommeliers.<\/span><span data-ccp-props=\"{&quot;134233117&quot;:false,&quot;134233118&quot;:false,&quot;201341983&quot;:0,&quot;335551550&quot;:1,&quot;335551620&quot;:1,&quot;335559685&quot;:0,&quot;335559737&quot;:0,&quot;335559738&quot;:0,&quot;335559739&quot;:0,&quot;335559740&quot;:276}\">\u00a0<\/span><\/p>\n<p><span data-contrast=\"auto\">En el marc de la celebraci\u00f3 dels cinquanta anys es va editar el llibre \u201850. L\u2019Olivera, veus i vida&#8217;, que recull aventures i viv\u00e8ncies del projecte. Tamb\u00e9 es va elaborar el \u2018Vi dels 50 anys\u2019, un macabeu que acull i commemora el coneixement acumulat durant mig segle. A m\u00e9s, es van celebrar tres actes institucionals per reunir persones s\u00f2cies, amigues i col\u00b7laboradores de L\u2019Olivera.<\/span><span data-ccp-props=\"{}\">\u00a0<\/span><\/p>\n<p><span data-contrast=\"auto\">En l&#8217;\u00e0mbit productiu va ser un any complicat a causa de la sequera. Tot i aix\u00f2, el projecte va facturar 3.477.800,83 \u20ac, amb un benefici de 17.742,71 \u20ac, i va conrear un total de 39,3 hect\u00e0rees de vinyes i oliveres. A m\u00e9s, des de l\u2019\u00e0mbit social, es va acompanyar a 43 persones. <\/span><span data-contrast=\"auto\">\u201cSom un projecte resilient. Tot i les crisis econ\u00f2miques o les males temporades al camp, mai deixarem de buscar oportunitats per elaborar un producte de qualitat amb valor social\u201d,<\/span><span data-contrast=\"auto\"> destaca la presidenta de L\u2019Olivera, Clara Griera.<\/span><span data-ccp-props=\"{}\">\u00a0<\/span><\/p>\n","protected":false},"excerpt":{"rendered":"<p>L\u2019assemblea general ordin\u00e0ria de s\u00f2cies de la cooperativa L\u2019Olivera es va reunir el passat divendres 25 d&#8217;abril a Vallbona de les Monges per renovar els c\u00e0rrecs de l\u2019organitzaci\u00f3 i fer el tancament de l\u2019activitat del 2024.\u00a0 L\u2019en\u00f2loga del celler de Vallbona de les Monges i s\u00f2cia de treball de la cooperativa des de 2007, Clara [&hellip;]<\/p>\n","protected":false},"author":12,"featured_media":31448,"comment_status":"closed","ping_status":"closed","sticky":false,"template":"","format":"standard","meta":{"_acf_changed":false,"_jetpack_memberships_contains_paid_content":false,"footnotes":""},"categories":[16],"tags":[],"class_list":["post-31451","post","type-post","status-publish","format-standard","has-post-thumbnail","hentry","category-sense-categoria"],"acf":[],"jetpack_featured_media_url":"https:\/\/olivera.org\/wp-content\/uploads\/2025\/05\/WhatsApp-Image-2025-05-21-at-11.58.58-1.jpeg","jetpack_sharing_enabled":true,"_links":{"self":[{"href":"https:\/\/olivera.org\/ca\/wp-json\/wp\/v2\/posts\/31451","targetHints":{"allow":["GET"]}}],"collection":[{"href":"https:\/\/olivera.org\/ca\/wp-json\/wp\/v2\/posts"}],"about":[{"href":"https:\/\/olivera.org\/ca\/wp-json\/wp\/v2\/types\/post"}],"author":[{"embeddable":true,"href":"https:\/\/olivera.org\/ca\/wp-json\/wp\/v2\/users\/12"}],"replies":[{"embeddable":true,"href":"https:\/\/olivera.org\/ca\/wp-json\/wp\/v2\/comments?post=31451"}],"version-history":[{"count":1,"href":"https:\/\/olivera.org\/ca\/wp-json\/wp\/v2\/posts\/31451\/revisions"}],"predecessor-version":[{"id":31452,"href":"https:\/\/olivera.org\/ca\/wp-json\/wp\/v2\/posts\/31451\/revisions\/31452"}],"wp:featuredmedia":[{"embeddable":true,"href":"https:\/\/olivera.org\/ca\/wp-json\/wp\/v2\/media\/31448"}],"wp:attachment":[{"href":"https:\/\/olivera.org\/ca\/wp-json\/wp\/v2\/media?parent=31451"}],"wp:term":[{"taxonomy":"category","embeddable":true,"href":"https:\/\/olivera.org\/ca\/wp-json\/wp\/v2\/categories?post=31451"},{"taxonomy":"post_tag","embeddable":true,"href":"https:\/\/olivera.org\/ca\/wp-json\/wp\/v2\/tags?post=31451"}],"curies":[{"name":"wp","href":"https:\/\/api.w.org\/{rel}","templated":true}]}}