{"id":31764,"date":"2025-06-23T14:47:22","date_gmt":"2025-06-23T14:47:22","guid":{"rendered":"https:\/\/olivera.org\/?p=31764"},"modified":"2025-06-23T15:00:07","modified_gmt":"2025-06-23T15:00:07","slug":"lolivera-participa-en-la-conferencia-anual-de-lassociacio-de-vinyes-urbanes","status":"publish","type":"post","link":"https:\/\/olivera.org\/ca\/lolivera-participa-en-la-conferencia-anual-de-lassociacio-de-vinyes-urbanes\/","title":{"rendered":"L&#8217;Olivera participa en la confer\u00e8ncia anual de l&#8217;Associaci\u00f3 de Vinyes Urbanes"},"content":{"rendered":"<div data-attr=\"forced_root_block_attrs\" data-ogsc=\"black\" data-olk-copy-source=\"MessageBody\">Del 13 al 15 de juny, L&#8217;Olivera ha participat en la confer\u00e8ncia anual de l&#8217;Associaci\u00f3 de Vinyes Urbanes a Cat\u00e0nia per compartir experi\u00e8ncies sobre el paper de la vinya periurbana. L&#8217;esdeveniment ha acollit a responsables vin\u00edcoles de ciutats com Par\u00eds, Ven\u00e8cia, Londres, Tor\u00ed, Viena,\u00a0 Barcelona, Bolzano, Palerm o Cat\u00e0nia.<\/div>\n<div data-attr=\"forced_root_block_attrs\" data-ogsc=\"black\" data-olk-copy-source=\"MessageBody\">En el marc de la confer\u00e8ncia, s&#8217;ha presentat la primera versi\u00f3 de l&#8217;Atles de vinyes urbanes, un estudi que ha perm\u00e8s identificar fins a 126 vinyes urbanes en 78 ciutats diferents arreu del m\u00f3n, aix\u00ed com el cat\u00e0leg de vins urbans, que inclou 28 refer\u00e8ncies de 14 cellers i productors.<\/div>\n<div data-attr=\"forced_root_block_attrs\" data-ogsc=\"black\" data-olk-copy-source=\"MessageBody\">A m\u00e9s, s&#8217;han compartit experi\u00e8ncies singulars, com la vinculaci\u00f3 de la vinya amb projectes de: benestar emocional i millora social com el de la vinya Forty Hall d&#8217;Enfield, d&#8217;articulaci\u00f3 territorial amb els moviments agraris a Bras\u00edlia, de lluita contra la gentrificaci\u00f3 a Ven\u00e8cia i d&#8217;innovaci\u00f3 tecnol\u00f2gica i vinculaci\u00f3 amb la recerca a la Universitat Polit\u00e8cnica de Tor\u00ed.<\/div>\n<div data-attr=\"forced_root_block_attrs\" data-ogsc=\"black\" data-olk-copy-source=\"MessageBody\">Actualment, L&#8217;Olivera forma part del consell directiu de l&#8217;Urban Vineyard Association, la qual t\u00e9 una vintena de membres de 4 continents diferents.<\/div>\n","protected":false},"excerpt":{"rendered":"<p>Del 13 al 15 de juny, L&#8217;Olivera ha participat en la confer\u00e8ncia anual de l&#8217;Associaci\u00f3 de Vinyes Urbanes a Cat\u00e0nia per compartir experi\u00e8ncies sobre el paper de la vinya periurbana. L&#8217;esdeveniment ha acollit a responsables vin\u00edcoles de ciutats com Par\u00eds, Ven\u00e8cia, Londres, Tor\u00ed, Viena,\u00a0 Barcelona, Bolzano, Palerm o Cat\u00e0nia. En el marc de la confer\u00e8ncia, [&hellip;]<\/p>\n","protected":false},"author":12,"featured_media":31765,"comment_status":"closed","ping_status":"closed","sticky":false,"template":"","format":"standard","meta":{"_acf_changed":false,"_jetpack_memberships_contains_paid_content":false,"footnotes":""},"categories":[16],"tags":[],"class_list":["post-31764","post","type-post","status-publish","format-standard","has-post-thumbnail","hentry","category-sense-categoria"],"acf":[],"jetpack_featured_media_url":"https:\/\/olivera.org\/wp-content\/uploads\/2025\/06\/descarga.jpg","jetpack_sharing_enabled":true,"_links":{"self":[{"href":"https:\/\/olivera.org\/ca\/wp-json\/wp\/v2\/posts\/31764","targetHints":{"allow":["GET"]}}],"collection":[{"href":"https:\/\/olivera.org\/ca\/wp-json\/wp\/v2\/posts"}],"about":[{"href":"https:\/\/olivera.org\/ca\/wp-json\/wp\/v2\/types\/post"}],"author":[{"embeddable":true,"href":"https:\/\/olivera.org\/ca\/wp-json\/wp\/v2\/users\/12"}],"replies":[{"embeddable":true,"href":"https:\/\/olivera.org\/ca\/wp-json\/wp\/v2\/comments?post=31764"}],"version-history":[{"count":3,"href":"https:\/\/olivera.org\/ca\/wp-json\/wp\/v2\/posts\/31764\/revisions"}],"predecessor-version":[{"id":31771,"href":"https:\/\/olivera.org\/ca\/wp-json\/wp\/v2\/posts\/31764\/revisions\/31771"}],"wp:featuredmedia":[{"embeddable":true,"href":"https:\/\/olivera.org\/ca\/wp-json\/wp\/v2\/media\/31765"}],"wp:attachment":[{"href":"https:\/\/olivera.org\/ca\/wp-json\/wp\/v2\/media?parent=31764"}],"wp:term":[{"taxonomy":"category","embeddable":true,"href":"https:\/\/olivera.org\/ca\/wp-json\/wp\/v2\/categories?post=31764"},{"taxonomy":"post_tag","embeddable":true,"href":"https:\/\/olivera.org\/ca\/wp-json\/wp\/v2\/tags?post=31764"}],"curies":[{"name":"wp","href":"https:\/\/api.w.org\/{rel}","templated":true}]}}