{"id":32348,"date":"2025-09-01T11:47:32","date_gmt":"2025-09-01T11:47:32","guid":{"rendered":"https:\/\/olivera.org\/?p=32348"},"modified":"2025-10-20T15:49:13","modified_gmt":"2025-10-20T15:49:13","slug":"lolivera-preveu-collir-185-000-kg-de-raim-durant-la-verema","status":"publish","type":"post","link":"https:\/\/olivera.org\/ca\/lolivera-preveu-collir-185-000-kg-de-raim-durant-la-verema\/","title":{"rendered":"L\u2019Olivera ha collit 210.000 kg durant la verema"},"content":{"rendered":"\t\t<div data-elementor-type=\"wp-post\" data-elementor-id=\"32348\" class=\"elementor elementor-32348\" data-elementor-post-type=\"post\">\n\t\t\t\t\t\t<section class=\"elementor-section elementor-top-section elementor-element elementor-element-28ca337f elementor-section-boxed elementor-section-height-default elementor-section-height-default\" data-id=\"28ca337f\" data-element_type=\"section\">\n\t\t\t\t\t\t<div class=\"elementor-container elementor-column-gap-default\">\n\t\t\t\t\t<div class=\"elementor-column elementor-col-100 elementor-top-column elementor-element elementor-element-15bc0f7e\" data-id=\"15bc0f7e\" data-element_type=\"column\">\n\t\t\t<div class=\"elementor-widget-wrap elementor-element-populated\">\n\t\t\t\t\t\t<div class=\"elementor-element elementor-element-2af72b91 elementor-widget elementor-widget-text-editor\" data-id=\"2af72b91\" data-element_type=\"widget\" data-widget_type=\"text-editor.default\">\n\t\t\t\t<div class=\"elementor-widget-container\">\n\t\t\t\t\t\t\t\t\t<ul><li style=\"font-weight: 400;\" aria-level=\"1\"><b>Despr\u00e9s de tres anys de sequera i altes temperatures, L\u2019Olivera incrementa un 30% el ra\u00efm entrat a celler.<\/b><\/li><\/ul><p><span style=\"font-weight: 400;\">El passat 19 d\u2019agost, vam donar el tret de sortida a la verema 2025, tant a Vallbona de les Monges com a les vinyes periurbanes del Parc Agrari de Sabadell. L\u2019\u00faltima onada de calor d\u2019aquest estiu ens ha obligat a avan\u00e7ar la collita dues setmanes respecte al calendari tradicional. Per una altra banda, hem aconseguit <\/span><b>un augment considerable del ra\u00efm entrat a celler<\/b><span style=\"font-weight: 400;\">, sobretot en vins blancs i escumosos. Hem collit 210.000 kg de ra\u00efm, una quantitat un 30% superior dels 163.000 kg que vam collir el 2024.<\/span><\/p><p><span style=\"font-weight: 400;\">Despr\u00e9s de tres anys de sequera, esper\u00e0vem una campanya de maduraci\u00f3 normal. Tanmateix, les onades de calor de finals de juliol, amb temperatures per sobre dels 40 \u00b0C, han afectat la maduraci\u00f3 normal del ra\u00efm. Segons dades de l\u2019<\/span><b>IRTA<\/b><span style=\"font-weight: 400;\">, la verema s\u2019avan\u00e7a actualment uns quinze dies respecte fa cinquanta anys, i les projeccions indiquen que al llarg del segle XXI podria avan\u00e7ar-se fins a 2 o 2,5 mesos. <\/span><i><span style=\"font-weight: 400;\">\u201cEns trobem davant d\u2019un repte enol\u00f2gic. El canvi clim\u00e0tic ens obliga a avan\u00e7ar la verema per evitar un exc\u00e9s de grau alcoh\u00f2lic. La calor accelera la fotos\u00edntesi i l\u2019acumulaci\u00f3 de sucres al ra\u00efm\u201d<\/span><\/i><span style=\"font-weight: 400;\">, explica <\/span><b>Pau Moragas<\/b><span style=\"font-weight: 400;\">, responsable de producci\u00f3.<\/span><\/p><p><span style=\"font-weight: 400;\">Davant aquest escenari, fa temps que treballem per garantir la sostenibilitat de l\u2019agricultura de sec\u00e0, amb assajos en <\/span><b>cobertes vegetals<\/b><span style=\"font-weight: 400;\"> i la introducci\u00f3 de varietats <\/span><b>recuperades resistents a la sequera<\/b><span style=\"font-weight: 400;\"> com el <\/span><b>Trobat<\/b><span style=\"font-weight: 400;\">. Ho fem mitjan\u00e7ant un projecte de recerca amb la Universitat de Lleida i INCAVI: <\/span><i><span style=\"font-weight: 400;\">\u201cLa recerca amb varietats hist\u00f2riques de les terres de Lleida \u00e9s un \u00e0mbit estrat\u00e8gic per la viticultura del futur, i fer-ho en el marc de la denominaci\u00f3 d\u2019origen genera un esfor\u00e7 compartit positiu\u201d<\/span><\/i><span style=\"font-weight: 400;\">, afegeix Moragas.<\/span><\/p><p><b>Una verema amb valors ecol\u00f2gics i socials<\/b><\/p><p><span style=\"font-weight: 400;\">Hem afrontat no nom\u00e9s un repte clim\u00e0tic sin\u00f3 tamb\u00e9 organitzatiu, ja que des de fa m\u00e9s de 50 anys recollim <\/span><b>tota la verema manualment<\/b><span style=\"font-weight: 400;\">. <\/span><i><span style=\"font-weight: 400;\">\u201cLa collita manual \u00e9s m\u00e9s delicada, per\u00f2 tamb\u00e9 m\u00e9s respectuosa amb el territori: t\u00e9 m\u00e9s cura del cep i evita l\u2019oxidaci\u00f3 dels grans de ra\u00efm per arribar en condicions \u00f2ptimes al celler\u201d<\/span><\/i><span style=\"font-weight: 400;\">, subratlla Moragas.<\/span><\/p><p><span style=\"font-weight: 400;\">En aquesta <\/span><b>37a edici\u00f3 de la verema<\/b><span style=\"font-weight: 400;\">, hi han participat unes <\/span><b>35 persones<\/b><span style=\"font-weight: 400;\"> i s&#8217;ha mantingut la vocaci\u00f3 social que tenim: <\/span><i><span style=\"font-weight: 400;\">\u201cCreiem en un treball a escala humana que posa les persones al centre; per aix\u00f2 tenim la visi\u00f3 de crear <\/span><\/i><b><i>itineraris d\u2019inclusi\u00f3 social<\/i><\/b><i><span style=\"font-weight: 400;\"> en tot el proc\u00e9s d\u2019elaboraci\u00f3 del vi\u201d<\/span><\/i><span style=\"font-weight: 400;\">, remarca Moragas.<\/span><\/p><p><span style=\"font-weight: 400;\">A m\u00e9s, com cada any, hem acollit estudiants de la Universitat Rep\u00fablica l&#8217;Uruguai de Montevideo i de la Universitat Chapingo de M\u00e8xic per mostrar-los la campanya de la verema.<\/span><\/p><p style=\"text-align: center;\">Amb el suport de:<a href=\"http:\/\/olivera.org\/wp-content\/uploads\/2025\/09\/Titulo-scaled.png\"><img decoding=\"async\" class=\"alignnone wp-image-32731 size-medium\" src=\"http:\/\/olivera.org\/wp-content\/uploads\/2025\/09\/Titulo-scaled-e1760974777921-300x57.png\" alt=\"\" width=\"300\" height=\"57\" srcset=\"https:\/\/olivera.org\/wp-content\/uploads\/2025\/09\/Titulo-scaled-e1760974777921-300x57.png 300w, https:\/\/olivera.org\/wp-content\/uploads\/2025\/09\/Titulo-scaled-e1760974777921-1024x194.png 1024w, https:\/\/olivera.org\/wp-content\/uploads\/2025\/09\/Titulo-scaled-e1760974777921-768x146.png 768w, https:\/\/olivera.org\/wp-content\/uploads\/2025\/09\/Titulo-scaled-e1760974777921-600x114.png 600w, https:\/\/olivera.org\/wp-content\/uploads\/2025\/09\/Titulo-scaled-e1760974777921.png 1460w\" sizes=\"(max-width: 300px) 100vw, 300px\" \/><\/a><\/p>\t\t\t\t\t\t\t\t<\/div>\n\t\t\t\t<\/div>\n\t\t\t\t\t<\/div>\n\t\t<\/div>\n\t\t\t\t\t<\/div>\n\t\t<\/section>\n\t\t\t\t<section class=\"elementor-section elementor-top-section elementor-element elementor-element-8fe4c37 elementor-section-boxed elementor-section-height-default elementor-section-height-default\" data-id=\"8fe4c37\" data-element_type=\"section\">\n\t\t\t\t\t\t<div class=\"elementor-container elementor-column-gap-default\">\n\t\t\t\t\t<div class=\"elementor-column elementor-col-50 elementor-top-column elementor-element elementor-element-bf98ca4\" data-id=\"bf98ca4\" data-element_type=\"column\">\n\t\t\t<div class=\"elementor-widget-wrap elementor-element-populated\">\n\t\t\t\t\t\t<div class=\"elementor-element elementor-element-850d91b elementor-widget elementor-widget-image\" data-id=\"850d91b\" data-element_type=\"widget\" data-widget_type=\"image.default\">\n\t\t\t\t<div class=\"elementor-widget-container\">\n\t\t\t\t\t\t\t\t\t\t\t\t\t\t\t<img fetchpriority=\"high\" decoding=\"async\" width=\"800\" height=\"534\" src=\"https:\/\/olivera.org\/wp-content\/uploads\/2025\/09\/Olivera_Verema_2025_@jordirullo_Baixa_12-1024x683.jpg\" class=\"attachment-large size-large wp-image-32735\" alt=\"\" srcset=\"https:\/\/olivera.org\/wp-content\/uploads\/2025\/09\/Olivera_Verema_2025_@jordirullo_Baixa_12-1024x683.jpg 1024w, https:\/\/olivera.org\/wp-content\/uploads\/2025\/09\/Olivera_Verema_2025_@jordirullo_Baixa_12-300x200.jpg 300w, https:\/\/olivera.org\/wp-content\/uploads\/2025\/09\/Olivera_Verema_2025_@jordirullo_Baixa_12-768x512.jpg 768w, https:\/\/olivera.org\/wp-content\/uploads\/2025\/09\/Olivera_Verema_2025_@jordirullo_Baixa_12-1536x1025.jpg 1536w, https:\/\/olivera.org\/wp-content\/uploads\/2025\/09\/Olivera_Verema_2025_@jordirullo_Baixa_12-2048x1366.jpg 2048w, https:\/\/olivera.org\/wp-content\/uploads\/2025\/09\/Olivera_Verema_2025_@jordirullo_Baixa_12-600x400.jpg 600w\" sizes=\"(max-width: 800px) 100vw, 800px\" \/>\t\t\t\t\t\t\t\t\t\t\t\t\t\t\t<\/div>\n\t\t\t\t<\/div>\n\t\t\t\t\t<\/div>\n\t\t<\/div>\n\t\t\t\t<div class=\"elementor-column elementor-col-50 elementor-top-column elementor-element elementor-element-24a2e52\" data-id=\"24a2e52\" data-element_type=\"column\">\n\t\t\t<div class=\"elementor-widget-wrap elementor-element-populated\">\n\t\t\t\t\t\t<div class=\"elementor-element elementor-element-66670fd elementor-widget elementor-widget-image\" data-id=\"66670fd\" data-element_type=\"widget\" data-widget_type=\"image.default\">\n\t\t\t\t<div class=\"elementor-widget-container\">\n\t\t\t\t\t\t\t\t\t\t\t\t\t\t\t<img decoding=\"async\" width=\"800\" height=\"534\" src=\"https:\/\/olivera.org\/wp-content\/uploads\/2025\/09\/Olivera_Verema_2025_@jordirullo_alta_227-1024x683.jpg\" class=\"attachment-large size-large wp-image-32738\" alt=\"\" srcset=\"https:\/\/olivera.org\/wp-content\/uploads\/2025\/09\/Olivera_Verema_2025_@jordirullo_alta_227-1024x683.jpg 1024w, https:\/\/olivera.org\/wp-content\/uploads\/2025\/09\/Olivera_Verema_2025_@jordirullo_alta_227-300x200.jpg 300w, https:\/\/olivera.org\/wp-content\/uploads\/2025\/09\/Olivera_Verema_2025_@jordirullo_alta_227-768x512.jpg 768w, https:\/\/olivera.org\/wp-content\/uploads\/2025\/09\/Olivera_Verema_2025_@jordirullo_alta_227-1536x1025.jpg 1536w, https:\/\/olivera.org\/wp-content\/uploads\/2025\/09\/Olivera_Verema_2025_@jordirullo_alta_227-2048x1366.jpg 2048w, https:\/\/olivera.org\/wp-content\/uploads\/2025\/09\/Olivera_Verema_2025_@jordirullo_alta_227-600x400.jpg 600w\" sizes=\"(max-width: 800px) 100vw, 800px\" \/>\t\t\t\t\t\t\t\t\t\t\t\t\t\t\t<\/div>\n\t\t\t\t<\/div>\n\t\t\t\t\t<\/div>\n\t\t<\/div>\n\t\t\t\t\t<\/div>\n\t\t<\/section>\n\t\t\t\t<\/div>\n\t\t","protected":false},"excerpt":{"rendered":"<p>Despr\u00e9s de tres anys de sequera i altes temperatures, L\u2019Olivera incrementa un 30% el ra\u00efm entrat a celler. El passat 19 d\u2019agost, vam donar el tret de sortida a la verema 2025, tant a Vallbona de les Monges com a les vinyes periurbanes del Parc Agrari de Sabadell. L\u2019\u00faltima onada de calor d\u2019aquest estiu ens [&hellip;]<\/p>\n","protected":false},"author":12,"featured_media":32349,"comment_status":"closed","ping_status":"closed","sticky":false,"template":"","format":"standard","meta":{"_acf_changed":false,"_jetpack_memberships_contains_paid_content":false,"footnotes":""},"categories":[16],"tags":[],"class_list":["post-32348","post","type-post","status-publish","format-standard","has-post-thumbnail","hentry","category-sense-categoria"],"acf":[],"jetpack_featured_media_url":"https:\/\/olivera.org\/wp-content\/uploads\/2025\/09\/WhatsApp-Image-2025-08-27-at-11.56.28.jpeg","jetpack_sharing_enabled":true,"_links":{"self":[{"href":"https:\/\/olivera.org\/ca\/wp-json\/wp\/v2\/posts\/32348","targetHints":{"allow":["GET"]}}],"collection":[{"href":"https:\/\/olivera.org\/ca\/wp-json\/wp\/v2\/posts"}],"about":[{"href":"https:\/\/olivera.org\/ca\/wp-json\/wp\/v2\/types\/post"}],"author":[{"embeddable":true,"href":"https:\/\/olivera.org\/ca\/wp-json\/wp\/v2\/users\/12"}],"replies":[{"embeddable":true,"href":"https:\/\/olivera.org\/ca\/wp-json\/wp\/v2\/comments?post=32348"}],"version-history":[{"count":7,"href":"https:\/\/olivera.org\/ca\/wp-json\/wp\/v2\/posts\/32348\/revisions"}],"predecessor-version":[{"id":32761,"href":"https:\/\/olivera.org\/ca\/wp-json\/wp\/v2\/posts\/32348\/revisions\/32761"}],"wp:featuredmedia":[{"embeddable":true,"href":"https:\/\/olivera.org\/ca\/wp-json\/wp\/v2\/media\/32349"}],"wp:attachment":[{"href":"https:\/\/olivera.org\/ca\/wp-json\/wp\/v2\/media?parent=32348"}],"wp:term":[{"taxonomy":"category","embeddable":true,"href":"https:\/\/olivera.org\/ca\/wp-json\/wp\/v2\/categories?post=32348"},{"taxonomy":"post_tag","embeddable":true,"href":"https:\/\/olivera.org\/ca\/wp-json\/wp\/v2\/tags?post=32348"}],"curies":[{"name":"wp","href":"https:\/\/api.w.org\/{rel}","templated":true}]}}