{"id":33641,"date":"2025-11-28T11:11:12","date_gmt":"2025-11-28T11:11:12","guid":{"rendered":"https:\/\/olivera.org\/?p=33641"},"modified":"2025-11-28T11:12:45","modified_gmt":"2025-11-28T11:12:45","slug":"lolivera-celebra-la-festa-de-sant-marti-a-can-calopa-amb-oli-nou-vi-novell-i-gastronomia-de-proximitat","status":"publish","type":"post","link":"https:\/\/olivera.org\/ca\/lolivera-celebra-la-festa-de-sant-marti-a-can-calopa-amb-oli-nou-vi-novell-i-gastronomia-de-proximitat\/","title":{"rendered":"L\u2019Olivera celebra la Festa de Sant Mart\u00ed a Can Calopa amb oli nou, vi novell i gastronomia de proximitat"},"content":{"rendered":"<p><span style=\"font-weight: 400;\">La cooperativa <\/span><b>L\u2019Olivera <\/b>ha<span style=\"font-weight: 400;\"> celebrat un any m\u00e9s la tradicional <\/span><b>Festa de Sant Mart\u00ed a Can Calopa (Collserola)<\/b><span style=\"font-weight: 400;\">, una jornada per donar la benvinguda al nou cicle agr\u00edcola i celebrar el fruit de la collita amb <\/span><b>oli nou i el vi novell<\/b><span style=\"font-weight: 400;\">. L\u2019esdeveniment ha tingut lloc el <\/span><b>dissabte 15 de novembre de 2025<\/b><span style=\"font-weight: 400;\"> a la finca <\/span><b>Can Calopa de Dalt<\/b><span style=\"font-weight: 400;\">, al cor del Parc Natural de Collserola.<\/span><\/p>\n<p><span style=\"font-weight: 400;\">La <\/span><b>Festa de Sant Mart\u00ed<\/b><span style=\"font-weight: 400;\"> marca hist\u00f2ricament el tancament del cicle agr\u00edcola i l\u2019arribada de l\u2019hivern. \u201cAmb aquest acte, l\u2019Olivera recupera aquest esperit tradicional per reinterpretar-lo des d\u2019una mirada actual i sostenible, fent valdre el territori i la cultura pagesa.\u201d, explica el director de Can Calopa, Lluc Pej\u00f3.<\/span><\/p>\n<p>La jornada ha incl\u00f2s tres sessions guiades (a les 11 h en castell\u00e0, i a les 12 h i 13 h en catal\u00e0), d\u2019una durada aproximada d\u2019una hora i tres quarts. Cada sessi\u00f3 ha ofert un tast de l\u2019oli nou elaborat amb varietats locals de Collserola, tast del vi novell de l\u2019anyada 2025, i un petit tast gastron\u00f2mic amb productes tradicionals de la matan\u00e7a del porc, acompanyats d\u2019una opci\u00f3 vegana.<\/p>\n","protected":false},"excerpt":{"rendered":"<p>La cooperativa L\u2019Olivera ha celebrat un any m\u00e9s la tradicional Festa de Sant Mart\u00ed a Can Calopa (Collserola), una jornada per donar la benvinguda al nou cicle agr\u00edcola i celebrar el fruit de la collita amb oli nou i el vi novell. L\u2019esdeveniment ha tingut lloc el dissabte 15 de novembre de 2025 a la [&hellip;]<\/p>\n","protected":false},"author":12,"featured_media":33643,"comment_status":"closed","ping_status":"closed","sticky":false,"template":"","format":"standard","meta":{"_acf_changed":false,"_jetpack_memberships_contains_paid_content":false,"footnotes":""},"categories":[16],"tags":[],"class_list":["post-33641","post","type-post","status-publish","format-standard","has-post-thumbnail","hentry","category-sense-categoria"],"acf":[],"jetpack_featured_media_url":"https:\/\/olivera.org\/wp-content\/uploads\/2025\/11\/Diseno-sin-titulo-57.png","jetpack_sharing_enabled":true,"_links":{"self":[{"href":"https:\/\/olivera.org\/ca\/wp-json\/wp\/v2\/posts\/33641","targetHints":{"allow":["GET"]}}],"collection":[{"href":"https:\/\/olivera.org\/ca\/wp-json\/wp\/v2\/posts"}],"about":[{"href":"https:\/\/olivera.org\/ca\/wp-json\/wp\/v2\/types\/post"}],"author":[{"embeddable":true,"href":"https:\/\/olivera.org\/ca\/wp-json\/wp\/v2\/users\/12"}],"replies":[{"embeddable":true,"href":"https:\/\/olivera.org\/ca\/wp-json\/wp\/v2\/comments?post=33641"}],"version-history":[{"count":1,"href":"https:\/\/olivera.org\/ca\/wp-json\/wp\/v2\/posts\/33641\/revisions"}],"predecessor-version":[{"id":33642,"href":"https:\/\/olivera.org\/ca\/wp-json\/wp\/v2\/posts\/33641\/revisions\/33642"}],"wp:featuredmedia":[{"embeddable":true,"href":"https:\/\/olivera.org\/ca\/wp-json\/wp\/v2\/media\/33643"}],"wp:attachment":[{"href":"https:\/\/olivera.org\/ca\/wp-json\/wp\/v2\/media?parent=33641"}],"wp:term":[{"taxonomy":"category","embeddable":true,"href":"https:\/\/olivera.org\/ca\/wp-json\/wp\/v2\/categories?post=33641"},{"taxonomy":"post_tag","embeddable":true,"href":"https:\/\/olivera.org\/ca\/wp-json\/wp\/v2\/tags?post=33641"}],"curies":[{"name":"wp","href":"https:\/\/api.w.org\/{rel}","templated":true}]}}