{"id":14573,"date":"2022-03-21T12:47:19","date_gmt":"2022-03-21T12:47:19","guid":{"rendered":"https:\/\/olivera.org\/biocuidados-sosteniendo-la-vida-desde-la-comunidad\/"},"modified":"2022-04-08T09:58:31","modified_gmt":"2022-04-08T09:58:31","slug":"biocuidados-sosteniendo-la-vida-desde-la-comunidad","status":"publish","type":"post","link":"https:\/\/olivera.org\/es\/biocuidados-sosteniendo-la-vida-desde-la-comunidad\/","title":{"rendered":"Biocuidados: sustentando la vida desde la comunidad"},"content":{"rendered":"\t\t<div data-elementor-type=\"wp-post\" data-elementor-id=\"14573\" class=\"elementor elementor-14573 elementor-14549\" data-elementor-post-type=\"post\">\n\t\t\t\t\t\t<section class=\"elementor-section elementor-top-section elementor-element elementor-element-be87949 elementor-section-boxed elementor-section-height-default elementor-section-height-default\" data-id=\"be87949\" data-element_type=\"section\">\n\t\t\t\t\t\t<div class=\"elementor-container elementor-column-gap-default\">\n\t\t\t\t\t<div class=\"elementor-column elementor-col-100 elementor-top-column elementor-element elementor-element-f9e1f24\" data-id=\"f9e1f24\" data-element_type=\"column\">\n\t\t\t<div class=\"elementor-widget-wrap elementor-element-populated\">\n\t\t\t\t\t\t<div class=\"elementor-element elementor-element-b02cebe elementor-widget elementor-widget-text-editor\" data-id=\"b02cebe\" data-element_type=\"widget\" data-widget_type=\"text-editor.default\">\n\t\t\t\t<div class=\"elementor-widget-container\">\n\t\t\t\t\t\t\t\t\t<p style=\"text-align: center;\"><strong>L&#8217;Olivera participa en el proyecto piloto BIOCUIDADOS para crear nuevos modelos de cuidados prestados por la comunidad, centrados en la persona, en entornos rurales. <\/strong><\/p>\n\t\t\t\t\t\t\t\t<\/div>\n\t\t\t\t<\/div>\n\t\t\t\t\t<\/div>\n\t\t<\/div>\n\t\t\t\t\t<\/div>\n\t\t<\/section>\n\t\t\t\t<section class=\"elementor-section elementor-top-section elementor-element elementor-element-6dfe65f elementor-section-boxed elementor-section-height-default elementor-section-height-default\" data-id=\"6dfe65f\" data-element_type=\"section\">\n\t\t\t\t\t\t<div class=\"elementor-container elementor-column-gap-default\">\n\t\t\t\t\t<div class=\"elementor-column elementor-col-100 elementor-top-column elementor-element elementor-element-70aae71\" data-id=\"70aae71\" data-element_type=\"column\">\n\t\t\t<div class=\"elementor-widget-wrap elementor-element-populated\">\n\t\t\t\t\t\t<div class=\"elementor-element elementor-element-6b3e54e elementor-widget elementor-widget-text-editor\" data-id=\"6b3e54e\" data-element_type=\"widget\" data-widget_type=\"text-editor.default\">\n\t\t\t\t<div class=\"elementor-widget-container\">\n\t\t\t\t\t\t\t\t\t<p>El proyecto BIOCUIDADOS est\u00e1 inspirado en el ecosistema de cuidados para la vida que proporciona la comunidad de personas que habitan en un determinado territorio en el mundo rural. El objetivo es prevenir la institucionalizaci\u00f3n de las personas con discapacidad en el medio rural, utilizando los recursos comunitarios. En otras palabras, se trata que las personas con discapacidad no vivan o trabajen en instituciones o espacios espec\u00edficos para ellas, como residencias apartadas del resto de la poblaci\u00f3n. La idea es que convivan con el resto de personas de la comunidad y reciban apoyo directamente de la comunidad en su contexto natural.<\/p><p>El objetivo general es, pues, promover un cambio de modelo en los Servicios Sociales, el planteamiento de una alternativa al modelo actual que se presentar\u00e1 a los gestores pol\u00edticos con el fin de forzar un cambio en el sistema que favorezca la autonom\u00eda personal de las personas con discapacidad en el medio rural.<\/p><p>Para hacerlo, en esta primera fase piloto, se analizaran las necesidades y los proyectos de vida de cada una de las personas en situaci\u00f3n de dependencia con el fin de articular modelos de apoyo experimentales, basados en los recursos de su comunidad rural, para dar servicios de atenci\u00f3n centrados en la persona que potencien su autonom\u00eda personal. Todo esto, con la idea de favorecer y acompa\u00f1ar la desinstitucionalizaci\u00f3n de las personas con vulnerabilidad y evitar la posible institucionalizaci\u00f3n de las personas vulnerables que viven en la propia comunidad rural.<\/p><p>Por eso, el proyecto trabaja de forma transversal los distintos grupos de poblaci\u00f3n, promoviendo la perspectiva de g\u00e9nero y teniendo en cuenta la accesibilidad universal. Se entiende que en el medio rural no es necesario segmentar ni diferenciar los servicios por colectivos de personas. Por lo tanto, se quieren crear modelos, activar recursos y atender a todas las personas con una propuesta transversal, creando equipos multidisciplinares que aporten soluciones integrales a todas las personas que lo necesiten o quieran.<\/p><p>Biocuidados es un proyecto piloto vinculado al Plan de Recuperaci\u00f3n, Transformaci\u00f3n y Resiliencia de la Secretar\u00eda de Estado de Derechos Sociales i financiado con fondos UE-Next Generation. L&#8217;Olivera participa en esta fase piloto en Vallbona de les Monges como centro de desarrollo rural adscrito a <a href=\"https:\/\/www.coceder.org\/\"><strong>Coceder<\/strong><\/a>, entidad que impulsa este proyecto piloto en 18 territorios de 9 comunicades espa\u00f1olas (Andaluc\u00eda, Arag\u00f3n, Ast\u00farias, Cant\u00e1bria, Castilla Le\u00f3n, Catalunya, Valencia, Extremadura y Gal\u00edcia).<\/p>\t\t\t\t\t\t\t\t<\/div>\n\t\t\t\t<\/div>\n\t\t\t\t\t<\/div>\n\t\t<\/div>\n\t\t\t\t\t<\/div>\n\t\t<\/section>\n\t\t\t\t<\/div>\n\t\t","protected":false},"excerpt":{"rendered":"<p>L&#8217;Olivera participa en el proyecto piloto BIOCUIDADOS para crear nuevos modelos de cuidados prestados por la comunidad, centrados en la persona, en entornos rurales. El proyecto BIOCUIDADOS est\u00e1 inspirado en el ecosistema de cuidados para la vida que proporciona la comunidad de personas que habitan en un determinado territorio en el mundo rural. El objetivo [&hellip;]<\/p>\n","protected":false},"author":12,"featured_media":14568,"comment_status":"open","ping_status":"open","sticky":false,"template":"","format":"standard","meta":{"_acf_changed":false,"_jetpack_memberships_contains_paid_content":false,"footnotes":""},"categories":[1],"tags":[],"class_list":["post-14573","post","type-post","status-publish","format-standard","has-post-thumbnail","hentry","category-uncategorized"],"acf":[],"jetpack_featured_media_url":"https:\/\/olivera.org\/wp-content\/uploads\/2022\/03\/DSC01166-scaled.jpg","jetpack_sharing_enabled":true,"_links":{"self":[{"href":"https:\/\/olivera.org\/es\/wp-json\/wp\/v2\/posts\/14573","targetHints":{"allow":["GET"]}}],"collection":[{"href":"https:\/\/olivera.org\/es\/wp-json\/wp\/v2\/posts"}],"about":[{"href":"https:\/\/olivera.org\/es\/wp-json\/wp\/v2\/types\/post"}],"author":[{"embeddable":true,"href":"https:\/\/olivera.org\/es\/wp-json\/wp\/v2\/users\/12"}],"replies":[{"embeddable":true,"href":"https:\/\/olivera.org\/es\/wp-json\/wp\/v2\/comments?post=14573"}],"version-history":[{"count":0,"href":"https:\/\/olivera.org\/es\/wp-json\/wp\/v2\/posts\/14573\/revisions"}],"wp:featuredmedia":[{"embeddable":true,"href":"https:\/\/olivera.org\/es\/wp-json\/wp\/v2\/media\/14568"}],"wp:attachment":[{"href":"https:\/\/olivera.org\/es\/wp-json\/wp\/v2\/media?parent=14573"}],"wp:term":[{"taxonomy":"category","embeddable":true,"href":"https:\/\/olivera.org\/es\/wp-json\/wp\/v2\/categories?post=14573"},{"taxonomy":"post_tag","embeddable":true,"href":"https:\/\/olivera.org\/es\/wp-json\/wp\/v2\/tags?post=14573"}],"curies":[{"name":"wp","href":"https:\/\/api.w.org\/{rel}","templated":true}]}}