{"id":18359,"date":"2022-10-26T08:08:01","date_gmt":"2022-10-26T08:08:01","guid":{"rendered":"https:\/\/olivera.org\/un-ano-agricola-dificil-marca-el-inicio-de-la-cosecha-de-la-oliva\/"},"modified":"2022-10-26T08:08:01","modified_gmt":"2022-10-26T08:08:01","slug":"un-ano-agricola-dificil-marca-el-inicio-de-la-cosecha-de-la-oliva","status":"publish","type":"post","link":"https:\/\/olivera.org\/es\/un-ano-agricola-dificil-marca-el-inicio-de-la-cosecha-de-la-oliva\/","title":{"rendered":"Un a\u00f1o agr\u00edcola dif\u00edcil marca el inicio de la cosecha de la oliva"},"content":{"rendered":"\t\t<div data-elementor-type=\"wp-post\" data-elementor-id=\"18359\" class=\"elementor elementor-18359 elementor-18248\" data-elementor-post-type=\"post\">\n\t\t\t\t\t\t<section class=\"elementor-section elementor-top-section elementor-element elementor-element-3fa861f elementor-section-boxed elementor-section-height-default elementor-section-height-default\" data-id=\"3fa861f\" data-element_type=\"section\">\n\t\t\t\t\t\t<div class=\"elementor-container elementor-column-gap-default\">\n\t\t\t\t\t<div class=\"elementor-column elementor-col-100 elementor-top-column elementor-element elementor-element-10a90f3\" data-id=\"10a90f3\" data-element_type=\"column\">\n\t\t\t<div class=\"elementor-widget-wrap elementor-element-populated\">\n\t\t\t\t\t\t<div class=\"elementor-element elementor-element-378dd34 elementor-widget elementor-widget-text-editor\" data-id=\"378dd34\" data-element_type=\"widget\" data-widget_type=\"text-editor.default\">\n\t\t\t\t<div class=\"elementor-widget-container\">\n\t\t\t\t\t\t\t\t\t<p style=\"text-align: center;\"><strong>La sequ\u00eda acumulada y los largos episodios de temperaturas excepcionalmente altas hacen bajar la producci\u00f3n en un a\u00f1o en que la arbequina de secano da aceites frescos, arom\u00e1ticos y con m\u00e1s antioxidantes<\/strong><\/p>\n\t\t\t\t\t\t\t\t<\/div>\n\t\t\t\t<\/div>\n\t\t\t\t\t<\/div>\n\t\t<\/div>\n\t\t\t\t\t<\/div>\n\t\t<\/section>\n\t\t\t\t<section class=\"elementor-section elementor-top-section elementor-element elementor-element-783b812 elementor-section-boxed elementor-section-height-default elementor-section-height-default\" data-id=\"783b812\" data-element_type=\"section\">\n\t\t\t\t\t\t<div class=\"elementor-container elementor-column-gap-default\">\n\t\t\t\t\t<div class=\"elementor-column elementor-col-100 elementor-top-column elementor-element elementor-element-592bc3e\" data-id=\"592bc3e\" data-element_type=\"column\">\n\t\t\t<div class=\"elementor-widget-wrap elementor-element-populated\">\n\t\t\t\t\t\t<div class=\"elementor-element elementor-element-b2b6f0c elementor-widget elementor-widget-text-editor\" data-id=\"b2b6f0c\" data-element_type=\"widget\" data-widget_type=\"text-editor.default\">\n\t\t\t\t<div class=\"elementor-widget-container\">\n\t\t\t\t\t\t\t\t\t<p>Empieza la cosecha de la oliva arbequina en las fincas de L\u2019Olivera en Vallbona de les Monges. Una cosecha que llega despu\u00e9s de un a\u00f1o agr\u00edcola dif\u00edcil, marcado por la sequ\u00eda y por los largos episodios de temperaturas extremamente altas de este a\u00f1o. Episodios que han afectado especialmente en el cuajado del fruto, ya que fueron excepcionalmente fuertes durante los meses de mayo y junio, coincidiendo con el momento de la floraci\u00f3n. Con todo, y a pesar de que el olivo es un cultivo perfectamente adaptado a las condiciones mediterr\u00e1neas, se espera que la producci\u00f3n, en los cultivos de secano, caiga entre un 40 y un 60%, dependiendo de las fincas.<\/p>\n<p>No obstante, la cara positiva es la elevada sanidad de los frutos, que en L\u2019Olivera hemos decidido recoger de forma temprana con el fin de aprovechar el potencial de la oliva verde y obtener, este a\u00f1o, un perfil de aceite verde arom\u00e1tico, fresco y con un contenido m\u00e1s alto de polifenoles y antioxidantes.<\/p>\n\t\t\t\t\t\t\t\t<\/div>\n\t\t\t\t<\/div>\n\t\t\t\t\t<\/div>\n\t\t<\/div>\n\t\t\t\t\t<\/div>\n\t\t<\/section>\n\t\t\t\t<section class=\"elementor-section elementor-top-section elementor-element elementor-element-fa08964 elementor-section-boxed elementor-section-height-default elementor-section-height-default\" data-id=\"fa08964\" data-element_type=\"section\">\n\t\t\t\t\t\t<div class=\"elementor-container elementor-column-gap-default\">\n\t\t\t\t\t<div class=\"elementor-column elementor-col-100 elementor-top-column elementor-element elementor-element-561913b\" data-id=\"561913b\" data-element_type=\"column\">\n\t\t\t<div class=\"elementor-widget-wrap elementor-element-populated\">\n\t\t\t\t\t\t<section class=\"elementor-section elementor-inner-section elementor-element elementor-element-16d9c56 elementor-section-boxed elementor-section-height-default elementor-section-height-default\" data-id=\"16d9c56\" data-element_type=\"section\">\n\t\t\t\t\t\t<div class=\"elementor-container elementor-column-gap-default\">\n\t\t\t\t\t<div class=\"elementor-column elementor-col-50 elementor-inner-column elementor-element elementor-element-256f678\" data-id=\"256f678\" data-element_type=\"column\">\n\t\t\t<div class=\"elementor-widget-wrap elementor-element-populated\">\n\t\t\t\t\t\t<div class=\"elementor-element elementor-element-001f5cd elementor-widget elementor-widget-image\" data-id=\"001f5cd\" data-element_type=\"widget\" data-widget_type=\"image.default\">\n\t\t\t\t<div class=\"elementor-widget-container\">\n\t\t\t\t\t\t\t\t\t\t\t\t\t\t\t<img fetchpriority=\"high\" decoding=\"async\" width=\"800\" height=\"800\" src=\"https:\/\/olivera.org\/wp-content\/uploads\/2022\/10\/olives99-1024x1024.jpg\" class=\"attachment-large size-large wp-image-18278\" alt=\"\" srcset=\"https:\/\/olivera.org\/wp-content\/uploads\/2022\/10\/olives99-1024x1024.jpg 1024w, https:\/\/olivera.org\/wp-content\/uploads\/2022\/10\/olives99-300x300.jpg 300w, https:\/\/olivera.org\/wp-content\/uploads\/2022\/10\/olives99-150x150.jpg 150w, https:\/\/olivera.org\/wp-content\/uploads\/2022\/10\/olives99-768x768.jpg 768w, https:\/\/olivera.org\/wp-content\/uploads\/2022\/10\/olives99-1536x1536.jpg 1536w, https:\/\/olivera.org\/wp-content\/uploads\/2022\/10\/olives99-2048x2048.jpg 2048w, https:\/\/olivera.org\/wp-content\/uploads\/2022\/10\/olives99-600x600.jpg 600w, https:\/\/olivera.org\/wp-content\/uploads\/2022\/10\/olives99-100x100.jpg 100w\" sizes=\"(max-width: 800px) 100vw, 800px\" \/>\t\t\t\t\t\t\t\t\t\t\t\t\t\t\t<\/div>\n\t\t\t\t<\/div>\n\t\t\t\t\t<\/div>\n\t\t<\/div>\n\t\t\t\t<div class=\"elementor-column elementor-col-50 elementor-inner-column elementor-element elementor-element-84ebe9b\" data-id=\"84ebe9b\" data-element_type=\"column\">\n\t\t\t<div class=\"elementor-widget-wrap elementor-element-populated\">\n\t\t\t\t\t\t<div class=\"elementor-element elementor-element-a65ae93 elementor-widget elementor-widget-image\" data-id=\"a65ae93\" data-element_type=\"widget\" data-widget_type=\"image.default\">\n\t\t\t\t<div class=\"elementor-widget-container\">\n\t\t\t\t\t\t\t\t\t\t\t\t\t\t\t<img decoding=\"async\" width=\"683\" height=\"1024\" src=\"https:\/\/olivera.org\/wp-content\/uploads\/2022\/10\/olives122-683x1024.jpg\" class=\"attachment-large size-large wp-image-18284\" alt=\"\" srcset=\"https:\/\/olivera.org\/wp-content\/uploads\/2022\/10\/olives122-683x1024.jpg 683w, https:\/\/olivera.org\/wp-content\/uploads\/2022\/10\/olives122-200x300.jpg 200w, https:\/\/olivera.org\/wp-content\/uploads\/2022\/10\/olives122-768x1152.jpg 768w, https:\/\/olivera.org\/wp-content\/uploads\/2022\/10\/olives122-1024x1536.jpg 1024w, https:\/\/olivera.org\/wp-content\/uploads\/2022\/10\/olives122-1365x2048.jpg 1365w, https:\/\/olivera.org\/wp-content\/uploads\/2022\/10\/olives122-600x900.jpg 600w, https:\/\/olivera.org\/wp-content\/uploads\/2022\/10\/olives122-scaled.jpg 1707w\" sizes=\"(max-width: 683px) 100vw, 683px\" \/>\t\t\t\t\t\t\t\t\t\t\t\t\t\t\t<\/div>\n\t\t\t\t<\/div>\n\t\t\t\t\t<\/div>\n\t\t<\/div>\n\t\t\t\t\t<\/div>\n\t\t<\/section>\n\t\t\t\t\t<\/div>\n\t\t<\/div>\n\t\t\t\t\t<\/div>\n\t\t<\/section>\n\t\t\t\t<section class=\"elementor-section elementor-top-section elementor-element elementor-element-86cd080 elementor-section-boxed elementor-section-height-default elementor-section-height-default\" data-id=\"86cd080\" data-element_type=\"section\">\n\t\t\t\t\t\t<div class=\"elementor-container elementor-column-gap-default\">\n\t\t\t\t\t<div class=\"elementor-column elementor-col-100 elementor-top-column elementor-element elementor-element-0e85fef\" data-id=\"0e85fef\" data-element_type=\"column\">\n\t\t\t<div class=\"elementor-widget-wrap elementor-element-populated\">\n\t\t\t\t\t\t<div class=\"elementor-element elementor-element-b497e6b elementor-widget elementor-widget-text-editor\" data-id=\"b497e6b\" data-element_type=\"widget\" data-widget_type=\"text-editor.default\">\n\t\t\t\t<div class=\"elementor-widget-container\">\n\t\t\t\t\t\t\t\t\t<\/p>\n<p>En a\u00f1os como este, cuando todos los cultivos agr\u00edcolas de secano sufren, se abre un contexto de incremento de precios del aceite de oliva en toda Catalunya. En L\u2019Olivera, no obstante, optamos por mantener el precio y absorber estas variaciones interanuales que son habituales en el cultivo del olivo y que nos conectan con esta idea de agricultura resistente que pone en valor la calidad del aceite y las derivadas positivas de tener esta agricultura de secano viva. Una agricultura que, m\u00e1s all\u00e1 de contribuir a la econom\u00eda productiva de un lugar, es un elemento clave para la gesti\u00f3n del paisaje, el mantenimiento del medio ambiente y la voluntad (necesaria) de hacer vivibles nuestros paisajes. Y ahora, m\u00e1s que nunca, necesitamos una ciudadan\u00eda que lo entienda, lo abrace y se convierta en c\u00f3mplice de esta idea tozuda de habitar los paisajes.<\/p>\n\t\t\t\t\t\t\t\t<\/div>\n\t\t\t\t<\/div>\n\t\t\t\t\t<\/div>\n\t\t<\/div>\n\t\t\t\t\t<\/div>\n\t\t<\/section>\n\t\t\t\t<section class=\"elementor-section elementor-top-section elementor-element elementor-element-499b591 elementor-section-boxed elementor-section-height-default elementor-section-height-default\" data-id=\"499b591\" data-element_type=\"section\">\n\t\t\t\t\t\t<div class=\"elementor-container elementor-column-gap-default\">\n\t\t\t\t\t<div class=\"elementor-column elementor-col-100 elementor-top-column elementor-element elementor-element-f8e7928\" data-id=\"f8e7928\" data-element_type=\"column\">\n\t\t\t<div class=\"elementor-widget-wrap elementor-element-populated\">\n\t\t\t\t\t\t<section class=\"elementor-section elementor-inner-section elementor-element elementor-element-0d58e60 elementor-section-boxed elementor-section-height-default elementor-section-height-default\" data-id=\"0d58e60\" data-element_type=\"section\">\n\t\t\t\t\t\t<div class=\"elementor-container elementor-column-gap-default\">\n\t\t\t\t\t<div class=\"elementor-column elementor-col-50 elementor-inner-column elementor-element elementor-element-efbe2a2\" data-id=\"efbe2a2\" data-element_type=\"column\">\n\t\t\t<div class=\"elementor-widget-wrap elementor-element-populated\">\n\t\t\t\t\t\t<div class=\"elementor-element elementor-element-bd8f689 elementor-widget elementor-widget-image\" data-id=\"bd8f689\" data-element_type=\"widget\" data-widget_type=\"image.default\">\n\t\t\t\t<div class=\"elementor-widget-container\">\n\t\t\t\t\t\t\t\t\t\t\t\t\t\t\t<img decoding=\"async\" width=\"681\" height=\"1024\" src=\"https:\/\/olivera.org\/wp-content\/uploads\/2022\/10\/moli3-681x1024.jpg\" class=\"attachment-large size-large wp-image-18293\" alt=\"\" srcset=\"https:\/\/olivera.org\/wp-content\/uploads\/2022\/10\/moli3-681x1024.jpg 681w, https:\/\/olivera.org\/wp-content\/uploads\/2022\/10\/moli3-200x300.jpg 200w, https:\/\/olivera.org\/wp-content\/uploads\/2022\/10\/moli3-768x1155.jpg 768w, https:\/\/olivera.org\/wp-content\/uploads\/2022\/10\/moli3-1022x1536.jpg 1022w, https:\/\/olivera.org\/wp-content\/uploads\/2022\/10\/moli3-1362x2048.jpg 1362w, https:\/\/olivera.org\/wp-content\/uploads\/2022\/10\/moli3-600x902.jpg 600w, https:\/\/olivera.org\/wp-content\/uploads\/2022\/10\/moli3-scaled.jpg 1703w\" sizes=\"(max-width: 681px) 100vw, 681px\" \/>\t\t\t\t\t\t\t\t\t\t\t\t\t\t\t<\/div>\n\t\t\t\t<\/div>\n\t\t\t\t\t<\/div>\n\t\t<\/div>\n\t\t\t\t<div class=\"elementor-column elementor-col-50 elementor-inner-column elementor-element elementor-element-87165cf\" data-id=\"87165cf\" data-element_type=\"column\">\n\t\t\t<div class=\"elementor-widget-wrap elementor-element-populated\">\n\t\t\t\t\t\t<div class=\"elementor-element elementor-element-6a7c457 elementor-widget elementor-widget-image\" data-id=\"6a7c457\" data-element_type=\"widget\" data-widget_type=\"image.default\">\n\t\t\t\t<div class=\"elementor-widget-container\">\n\t\t\t\t\t\t\t\t\t\t\t\t\t\t\t<img loading=\"lazy\" decoding=\"async\" width=\"683\" height=\"1024\" src=\"https:\/\/olivera.org\/wp-content\/uploads\/2022\/10\/oli1-683x1024.jpg\" class=\"attachment-large size-large wp-image-18296\" alt=\"\" srcset=\"https:\/\/olivera.org\/wp-content\/uploads\/2022\/10\/oli1-683x1024.jpg 683w, https:\/\/olivera.org\/wp-content\/uploads\/2022\/10\/oli1-200x300.jpg 200w, https:\/\/olivera.org\/wp-content\/uploads\/2022\/10\/oli1-768x1152.jpg 768w, https:\/\/olivera.org\/wp-content\/uploads\/2022\/10\/oli1-1024x1536.jpg 1024w, https:\/\/olivera.org\/wp-content\/uploads\/2022\/10\/oli1-1365x2048.jpg 1365w, https:\/\/olivera.org\/wp-content\/uploads\/2022\/10\/oli1-600x900.jpg 600w, https:\/\/olivera.org\/wp-content\/uploads\/2022\/10\/oli1-scaled.jpg 1707w\" sizes=\"(max-width: 683px) 100vw, 683px\" \/>\t\t\t\t\t\t\t\t\t\t\t\t\t\t\t<\/div>\n\t\t\t\t<\/div>\n\t\t\t\t\t<\/div>\n\t\t<\/div>\n\t\t\t\t\t<\/div>\n\t\t<\/section>\n\t\t\t\t\t<\/div>\n\t\t<\/div>\n\t\t\t\t\t<\/div>\n\t\t<\/section>\n\t\t\t\t<\/div>\n\t\t","protected":false},"excerpt":{"rendered":"<p>La sequ\u00eda acumulada y los largos episodios de temperaturas excepcionalmente altas hacen bajar la producci\u00f3n en un a\u00f1o en que la arbequina de secano da aceites frescos, arom\u00e1ticos y con m\u00e1s antioxidantes Empieza la cosecha de la oliva arbequina en las fincas de L\u2019Olivera en Vallbona de les Monges. Una cosecha que llega despu\u00e9s de [&hellip;]<\/p>\n","protected":false},"author":12,"featured_media":18252,"comment_status":"open","ping_status":"open","sticky":false,"template":"","format":"standard","meta":{"_acf_changed":false,"_jetpack_memberships_contains_paid_content":false,"footnotes":""},"categories":[17],"tags":[],"class_list":["post-18359","post","type-post","status-publish","format-standard","has-post-thumbnail","hentry","category-sin-categorizar"],"acf":[],"jetpack_featured_media_url":"https:\/\/olivera.org\/wp-content\/uploads\/2022\/10\/olives20-scaled.jpg","jetpack_sharing_enabled":true,"_links":{"self":[{"href":"https:\/\/olivera.org\/es\/wp-json\/wp\/v2\/posts\/18359","targetHints":{"allow":["GET"]}}],"collection":[{"href":"https:\/\/olivera.org\/es\/wp-json\/wp\/v2\/posts"}],"about":[{"href":"https:\/\/olivera.org\/es\/wp-json\/wp\/v2\/types\/post"}],"author":[{"embeddable":true,"href":"https:\/\/olivera.org\/es\/wp-json\/wp\/v2\/users\/12"}],"replies":[{"embeddable":true,"href":"https:\/\/olivera.org\/es\/wp-json\/wp\/v2\/comments?post=18359"}],"version-history":[{"count":0,"href":"https:\/\/olivera.org\/es\/wp-json\/wp\/v2\/posts\/18359\/revisions"}],"wp:featuredmedia":[{"embeddable":true,"href":"https:\/\/olivera.org\/es\/wp-json\/wp\/v2\/media\/18252"}],"wp:attachment":[{"href":"https:\/\/olivera.org\/es\/wp-json\/wp\/v2\/media?parent=18359"}],"wp:term":[{"taxonomy":"category","embeddable":true,"href":"https:\/\/olivera.org\/es\/wp-json\/wp\/v2\/categories?post=18359"},{"taxonomy":"post_tag","embeddable":true,"href":"https:\/\/olivera.org\/es\/wp-json\/wp\/v2\/tags?post=18359"}],"curies":[{"name":"wp","href":"https:\/\/api.w.org\/{rel}","templated":true}]}}