{"id":27438,"date":"2024-08-12T08:16:36","date_gmt":"2024-08-12T08:16:36","guid":{"rendered":"https:\/\/olivera.org\/empieza-la-vendimia-en-el-parque-agrario-de-sabadell-la-mas-temprana-de-la-historia\/"},"modified":"2024-08-19T08:17:34","modified_gmt":"2024-08-19T08:17:34","slug":"empieza-la-vendimia-en-el-parque-agrario-de-sabadell-la-mas-temprana-de-la-historia","status":"publish","type":"post","link":"https:\/\/olivera.org\/es\/empieza-la-vendimia-en-el-parque-agrario-de-sabadell-la-mas-temprana-de-la-historia\/","title":{"rendered":"Empieza la vendimia en el Parque Agrario de Sabadell, la m\u00e1s temprana de la historia"},"content":{"rendered":"\t\t<div data-elementor-type=\"wp-post\" data-elementor-id=\"27438\" class=\"elementor elementor-27438 elementor-27268\" data-elementor-post-type=\"post\">\n\t\t\t\t\t\t<section class=\"elementor-section elementor-top-section elementor-element elementor-element-22ecabe elementor-section-boxed elementor-section-height-default elementor-section-height-default\" data-id=\"22ecabe\" data-element_type=\"section\">\n\t\t\t\t\t\t<div class=\"elementor-container elementor-column-gap-default\">\n\t\t\t\t\t<div class=\"elementor-column elementor-col-100 elementor-top-column elementor-element elementor-element-0b74c45\" data-id=\"0b74c45\" data-element_type=\"column\">\n\t\t\t<div class=\"elementor-widget-wrap elementor-element-populated\">\n\t\t\t\t\t\t<div class=\"elementor-element elementor-element-46490d6 elementor-widget elementor-widget-text-editor\" data-id=\"46490d6\" data-element_type=\"widget\" data-widget_type=\"text-editor.default\">\n\t\t\t\t<div class=\"elementor-widget-container\">\n\t\t\t\t\t\t\t\t\t<h3 style=\"text-align: center;\">Las altas temperaturas avanzan una campa\u00f1a que se prev\u00e9 buena y de mucha calidad<\/h3>\n\t\t\t\t\t\t\t\t<\/div>\n\t\t\t\t<\/div>\n\t\t\t\t\t<\/div>\n\t\t<\/div>\n\t\t\t\t\t<\/div>\n\t\t<\/section>\n\t\t\t\t<section class=\"elementor-section elementor-top-section elementor-element elementor-element-3fd2b1e elementor-section-boxed elementor-section-height-default elementor-section-height-default\" data-id=\"3fd2b1e\" data-element_type=\"section\">\n\t\t\t\t\t\t<div class=\"elementor-container elementor-column-gap-default\">\n\t\t\t\t\t<div class=\"elementor-column elementor-col-100 elementor-top-column elementor-element elementor-element-a1d5429\" data-id=\"a1d5429\" data-element_type=\"column\">\n\t\t\t<div class=\"elementor-widget-wrap elementor-element-populated\">\n\t\t\t\t\t\t<div class=\"elementor-element elementor-element-007f3cb elementor-widget elementor-widget-text-editor\" data-id=\"007f3cb\" data-element_type=\"widget\" data-widget_type=\"text-editor.default\">\n\t\t\t\t<div class=\"elementor-widget-container\">\n\t\t\t\t\t\t\t\t\t<p>L&#8217;Olivera estrena la campa\u00f1a de vendimia en la finca de Can Gamb\u00fas, en el Parque Agrario de Sabadell. Arranca as\u00ed la vendimia m\u00e1s temprana de la historia en esta finca municipal, que L&#8217;Olivera gestiona desde el a\u00f1o 2010. Las alta temperaturas de julio e inicios de agosto, junto con un invierno muy c\u00e1lido, han avanzado la vendimia, una tendencia que se mantiene en los \u00faltimos a\u00f1os.  <\/p>\n\t\t\t\t\t\t\t\t<\/div>\n\t\t\t\t<\/div>\n\t\t\t\t\t<\/div>\n\t\t<\/div>\n\t\t\t\t\t<\/div>\n\t\t<\/section>\n\t\t\t\t<section class=\"elementor-section elementor-top-section elementor-element elementor-element-ad18b50 elementor-section-boxed elementor-section-height-default elementor-section-height-default\" data-id=\"ad18b50\" data-element_type=\"section\">\n\t\t\t\t\t\t<div class=\"elementor-container elementor-column-gap-default\">\n\t\t\t\t\t<div class=\"elementor-column elementor-col-100 elementor-top-column elementor-element elementor-element-c9e336a\" data-id=\"c9e336a\" data-element_type=\"column\">\n\t\t\t<div class=\"elementor-widget-wrap elementor-element-populated\">\n\t\t\t\t\t\t<div class=\"elementor-element elementor-element-da11c29 elementor-widget elementor-widget-text-editor\" data-id=\"da11c29\" data-element_type=\"widget\" data-widget_type=\"text-editor.default\">\n\t\t\t\t<div class=\"elementor-widget-container\">\n\t\t\t\t\t\t\t\t\t<p>A\u00fan as\u00ed, se prev\u00e9 una buena cosecha, similar o ligeramente superior a la del a\u00f1o pasado, ya que este a\u00f1o las plantas presentan una ligera recuperaci\u00f3n de la sequ\u00eda, gracias a la pluviometria de este a\u00f1o y tambi\u00e9n al riego de apoyo que se ha implementado en la finca a partir del mes de junio, que han permitido suavizar el estr\u00e9s h\u00eddrico de las plantas. Seg\u00fan el responsable de campo de L&#8217;Olivera en Can Calopa, Carlos Cabrera, todo esto ha permitido que las plantas ganasen m\u00e1s vigor y tengan racimos m\u00e1s grandes, un s\u00edntoma de la recuperaci\u00f3n de estas plantas que han sufrido mucho estr\u00e9s h\u00eddrico durante los \u00faltimos tres a\u00f1os. \u00abEl riego nos permitir\u00e1, poco a poco, ir homogeneizando las vendimias \u00ab, ha explicado Cabrera.  <\/p>\n\t\t\t\t\t\t\t\t<\/div>\n\t\t\t\t<\/div>\n\t\t\t\t\t<\/div>\n\t\t<\/div>\n\t\t\t\t\t<\/div>\n\t\t<\/section>\n\t\t\t\t<section class=\"elementor-section elementor-top-section elementor-element elementor-element-c024f66 elementor-section-boxed elementor-section-height-default elementor-section-height-default\" data-id=\"c024f66\" data-element_type=\"section\">\n\t\t\t\t\t\t<div class=\"elementor-container elementor-column-gap-default\">\n\t\t\t\t\t<div class=\"elementor-column elementor-col-100 elementor-top-column elementor-element elementor-element-71cc36f\" data-id=\"71cc36f\" data-element_type=\"column\">\n\t\t\t<div class=\"elementor-widget-wrap elementor-element-populated\">\n\t\t\t\t\t\t<section class=\"elementor-section elementor-inner-section elementor-element elementor-element-fe8555b elementor-section-boxed elementor-section-height-default elementor-section-height-default\" data-id=\"fe8555b\" data-element_type=\"section\">\n\t\t\t\t\t\t<div class=\"elementor-container elementor-column-gap-default\">\n\t\t\t\t\t<div class=\"elementor-column elementor-col-50 elementor-inner-column elementor-element elementor-element-1adf2b6\" data-id=\"1adf2b6\" data-element_type=\"column\">\n\t\t\t<div class=\"elementor-widget-wrap elementor-element-populated\">\n\t\t\t\t\t\t<div class=\"elementor-element elementor-element-9acb232 elementor-widget elementor-widget-image\" data-id=\"9acb232\" data-element_type=\"widget\" data-widget_type=\"image.default\">\n\t\t\t\t<div class=\"elementor-widget-container\">\n\t\t\t\t\t\t\t\t\t\t\t\t\t\t\t<img fetchpriority=\"high\" decoding=\"async\" width=\"768\" height=\"1024\" src=\"https:\/\/olivera.org\/wp-content\/uploads\/2024\/08\/WhatsApp-Image-2024-08-12-at-13.48.56-1-768x1024.jpeg\" class=\"attachment-large size-large wp-image-27319\" alt=\"\" srcset=\"https:\/\/olivera.org\/wp-content\/uploads\/2024\/08\/WhatsApp-Image-2024-08-12-at-13.48.56-1-768x1024.jpeg 768w, https:\/\/olivera.org\/wp-content\/uploads\/2024\/08\/WhatsApp-Image-2024-08-12-at-13.48.56-1-225x300.jpeg 225w, https:\/\/olivera.org\/wp-content\/uploads\/2024\/08\/WhatsApp-Image-2024-08-12-at-13.48.56-1-1152x1536.jpeg 1152w, https:\/\/olivera.org\/wp-content\/uploads\/2024\/08\/WhatsApp-Image-2024-08-12-at-13.48.56-1-600x800.jpeg 600w, https:\/\/olivera.org\/wp-content\/uploads\/2024\/08\/WhatsApp-Image-2024-08-12-at-13.48.56-1.jpeg 1200w\" sizes=\"(max-width: 768px) 100vw, 768px\" \/>\t\t\t\t\t\t\t\t\t\t\t\t\t\t\t<\/div>\n\t\t\t\t<\/div>\n\t\t\t\t\t<\/div>\n\t\t<\/div>\n\t\t\t\t<div class=\"elementor-column elementor-col-50 elementor-inner-column elementor-element elementor-element-7b96e3e\" data-id=\"7b96e3e\" data-element_type=\"column\">\n\t\t\t<div class=\"elementor-widget-wrap elementor-element-populated\">\n\t\t\t\t\t\t<div class=\"elementor-element elementor-element-cf5b9cf elementor-widget elementor-widget-image\" data-id=\"cf5b9cf\" data-element_type=\"widget\" data-widget_type=\"image.default\">\n\t\t\t\t<div class=\"elementor-widget-container\">\n\t\t\t\t\t\t\t\t\t\t\t\t\t\t\t<img decoding=\"async\" width=\"768\" height=\"1024\" src=\"https:\/\/olivera.org\/wp-content\/uploads\/2024\/08\/WhatsApp-Image-2024-08-12-at-13.49.00-768x1024.jpeg\" class=\"attachment-large size-large wp-image-27325\" alt=\"\" srcset=\"https:\/\/olivera.org\/wp-content\/uploads\/2024\/08\/WhatsApp-Image-2024-08-12-at-13.49.00-768x1024.jpeg 768w, https:\/\/olivera.org\/wp-content\/uploads\/2024\/08\/WhatsApp-Image-2024-08-12-at-13.49.00-225x300.jpeg 225w, https:\/\/olivera.org\/wp-content\/uploads\/2024\/08\/WhatsApp-Image-2024-08-12-at-13.49.00-1152x1536.jpeg 1152w, https:\/\/olivera.org\/wp-content\/uploads\/2024\/08\/WhatsApp-Image-2024-08-12-at-13.49.00-600x800.jpeg 600w, https:\/\/olivera.org\/wp-content\/uploads\/2024\/08\/WhatsApp-Image-2024-08-12-at-13.49.00.jpeg 1500w\" sizes=\"(max-width: 768px) 100vw, 768px\" \/>\t\t\t\t\t\t\t\t\t\t\t\t\t\t\t<\/div>\n\t\t\t\t<\/div>\n\t\t\t\t\t<\/div>\n\t\t<\/div>\n\t\t\t\t\t<\/div>\n\t\t<\/section>\n\t\t\t\t\t<\/div>\n\t\t<\/div>\n\t\t\t\t\t<\/div>\n\t\t<\/section>\n\t\t\t\t<section class=\"elementor-section elementor-top-section elementor-element elementor-element-813723f elementor-section-boxed elementor-section-height-default elementor-section-height-default\" data-id=\"813723f\" data-element_type=\"section\">\n\t\t\t\t\t\t<div class=\"elementor-container elementor-column-gap-default\">\n\t\t\t\t\t<div class=\"elementor-column elementor-col-100 elementor-top-column elementor-element elementor-element-9d358d8\" data-id=\"9d358d8\" data-element_type=\"column\">\n\t\t\t<div class=\"elementor-widget-wrap elementor-element-populated\">\n\t\t\t\t\t\t<div class=\"elementor-element elementor-element-4be6173 elementor-widget elementor-widget-text-editor\" data-id=\"4be6173\" data-element_type=\"widget\" data-widget_type=\"text-editor.default\">\n\t\t\t\t<div class=\"elementor-widget-container\">\n\t\t\t\t\t\t\t\t\t<p>Hoy se ha empezado a recoger la variedad Chardonnay, la m\u00e1s temprana, que servir\u00e1 para elaborar el <a href=\"https:\/\/olivera.org\/ca\/producte\/arraona-blanc\/\"><strong>Arraona Blanco<\/strong><\/a>, junto con el Xarel\u00b7lo que se recoger\u00e1 la semana pr\u00f3xima. La vendimia continuar\u00e1 con la cosecha del Merlot y la Garnacha, que serviran para elaborar el <a href=\"https:\/\/olivera.org\/ca\/producte\/arraona-negre\/\"><strong>Arraona tinto<\/strong><\/a>. En total, unas 3.000 botellas.  <\/p>\n<p>Despu\u00e9s de las vi\u00f1as de Sabadell, el equipo de L&#8217;Olivera-Can Calopa continuar\u00e1 la campa\u00f1a en los vi\u00f1edos de Can Calopa, de donde sales dos vinos ic\u00f3nicos de la ciudad de Barcelona, el <strong><a href=\"https:\/\/olivera.org\/ca\/producte\/vinyes-de-barcelona\/\">Vinyes de Barcelona<\/a><\/strong> blanco y tinto. Unos vinos que reivindican el legado y la tradici\u00f3n vitivin\u00edcola de Collserola y de la ciudad de Barcelona. <\/p>\n\t\t\t\t\t\t\t\t<\/div>\n\t\t\t\t<\/div>\n\t\t\t\t\t<\/div>\n\t\t<\/div>\n\t\t\t\t\t<\/div>\n\t\t<\/section>\n\t\t\t\t<\/div>\n\t\t","protected":false},"excerpt":{"rendered":"<p>Las altas temperaturas avanzan una campa\u00f1a que se prev\u00e9 buena y de mucha calidad L&#8217;Olivera estrena la campa\u00f1a de vendimia en la finca de Can Gamb\u00fas, en el Parque Agrario de Sabadell. Arranca as\u00ed la vendimia m\u00e1s temprana de la historia en esta finca municipal, que L&#8217;Olivera gestiona desde el a\u00f1o 2010. Las alta temperaturas [&hellip;]<\/p>\n","protected":false},"author":12,"featured_media":27316,"comment_status":"open","ping_status":"open","sticky":false,"template":"","format":"standard","meta":{"_acf_changed":false,"_jetpack_memberships_contains_paid_content":false,"footnotes":""},"categories":[17],"tags":[],"class_list":["post-27438","post","type-post","status-publish","format-standard","has-post-thumbnail","hentry","category-sin-categorizar"],"acf":[],"jetpack_featured_media_url":"https:\/\/olivera.org\/wp-content\/uploads\/2024\/08\/WhatsApp-Image-2024-08-12-at-13.48.52-2.jpeg","jetpack_sharing_enabled":true,"_links":{"self":[{"href":"https:\/\/olivera.org\/es\/wp-json\/wp\/v2\/posts\/27438","targetHints":{"allow":["GET"]}}],"collection":[{"href":"https:\/\/olivera.org\/es\/wp-json\/wp\/v2\/posts"}],"about":[{"href":"https:\/\/olivera.org\/es\/wp-json\/wp\/v2\/types\/post"}],"author":[{"embeddable":true,"href":"https:\/\/olivera.org\/es\/wp-json\/wp\/v2\/users\/12"}],"replies":[{"embeddable":true,"href":"https:\/\/olivera.org\/es\/wp-json\/wp\/v2\/comments?post=27438"}],"version-history":[{"count":0,"href":"https:\/\/olivera.org\/es\/wp-json\/wp\/v2\/posts\/27438\/revisions"}],"wp:featuredmedia":[{"embeddable":true,"href":"https:\/\/olivera.org\/es\/wp-json\/wp\/v2\/media\/27316"}],"wp:attachment":[{"href":"https:\/\/olivera.org\/es\/wp-json\/wp\/v2\/media?parent=27438"}],"wp:term":[{"taxonomy":"category","embeddable":true,"href":"https:\/\/olivera.org\/es\/wp-json\/wp\/v2\/categories?post=27438"},{"taxonomy":"post_tag","embeddable":true,"href":"https:\/\/olivera.org\/es\/wp-json\/wp\/v2\/tags?post=27438"}],"curies":[{"name":"wp","href":"https:\/\/api.w.org\/{rel}","templated":true}]}}