{"id":29819,"date":"2024-12-16T12:51:38","date_gmt":"2024-12-16T12:51:38","guid":{"rendered":"https:\/\/olivera.org\/el-aceite-finques-premio-al-mejor-aceite-de-oliva-virgen-extra-de-catalunya\/"},"modified":"2024-12-16T12:51:39","modified_gmt":"2024-12-16T12:51:39","slug":"el-aceite-finques-premio-al-mejor-aceite-de-oliva-virgen-extra-de-catalunya","status":"publish","type":"post","link":"https:\/\/olivera.org\/es\/el-aceite-finques-premio-al-mejor-aceite-de-oliva-virgen-extra-de-catalunya\/","title":{"rendered":"El aceite Finques, premio al mejor aceite de oliva virgen extra de Catalunya"},"content":{"rendered":"\t\t<div data-elementor-type=\"wp-post\" data-elementor-id=\"29819\" class=\"elementor elementor-29819 elementor-29774\" data-elementor-post-type=\"post\">\n\t\t\t\t\t\t<section class=\"elementor-section elementor-top-section elementor-element elementor-element-cf69815 elementor-section-boxed elementor-section-height-default elementor-section-height-default\" data-id=\"cf69815\" data-element_type=\"section\">\n\t\t\t\t\t\t<div class=\"elementor-container elementor-column-gap-default\">\n\t\t\t\t\t<div class=\"elementor-column elementor-col-100 elementor-top-column elementor-element elementor-element-c32a3ca\" data-id=\"c32a3ca\" data-element_type=\"column\">\n\t\t\t<div class=\"elementor-widget-wrap elementor-element-populated\">\n\t\t\t\t\t\t<div class=\"elementor-element elementor-element-ca1f338 elementor-widget elementor-widget-text-editor\" data-id=\"ca1f338\" data-element_type=\"widget\" data-widget_type=\"text-editor.default\">\n\t\t\t\t<div class=\"elementor-widget-container\">\n\t\t\t\t\t\t\t\t\t<h3 style=\"text-align: center;\">La primera \u00abNit de l&#8217;Oli\u00bb, organizada por el Departamento de Agricultura, Ramader\u00eda, Pesca y Alimentaci\u00f3n, reconoce 83 producciones y el Finques resulta multipremiado: mejor aceite frutado verde, mejor monovarietal de arbequina y mejor producci\u00f3n ecol\u00f3gica<\/h3>\n\t\t\t\t\t\t\t\t<\/div>\n\t\t\t\t<\/div>\n\t\t\t\t\t<\/div>\n\t\t<\/div>\n\t\t\t\t\t<\/div>\n\t\t<\/section>\n\t\t\t\t<section class=\"elementor-section elementor-top-section elementor-element elementor-element-187592d elementor-section-boxed elementor-section-height-default elementor-section-height-default\" data-id=\"187592d\" data-element_type=\"section\">\n\t\t\t\t\t\t<div class=\"elementor-container elementor-column-gap-default\">\n\t\t\t\t\t<div class=\"elementor-column elementor-col-100 elementor-top-column elementor-element elementor-element-b796c0c\" data-id=\"b796c0c\" data-element_type=\"column\">\n\t\t\t<div class=\"elementor-widget-wrap elementor-element-populated\">\n\t\t\t\t\t\t<div class=\"elementor-element elementor-element-0911e1d elementor-widget elementor-widget-text-editor\" data-id=\"0911e1d\" data-element_type=\"widget\" data-widget_type=\"text-editor.default\">\n\t\t\t\t<div class=\"elementor-widget-container\">\n\t\t\t\t\t\t\t\t\t<p><a href=\"https:\/\/olivera.org\/ca\/producte\/oli-finques\/\"><strong>L&#8217;Oli Finques<\/strong><\/a>, que desde hace m\u00e1s de 20 a\u00f1os elabora L&#8217;Olivera, ha sido reconocido con el premio al Mejor Aceite de Oliva Virgen Extra en la primera edici\u00f3n de la \u00abNit de l&#8217;Oli\u00bb, unos premios que otorga el Departamento de Agricultura, Ramader\u00eda, Pesca y Alimentaci\u00f3n de la Generalitat de Catalunya. Con este reconocimiento, el Finques encabeza la lista de las 83 producciones premiadas en las 14 categor\u00edas de estos premios, donde le Finques tambi\u00e9n se lleba un triple premio: mejor aceite de oliva virgen extra frutado verde intenso de peque\u00f1os productores, mejor aceite de producci\u00f3n ec\u00f3logica y mejor monovarietal de arbequina. <\/p>\n<p>La Fatarella acogi\u00f3, el pasado viernes, esta primera edici\u00f3n de los Premios a los Mejores Aceites de Oliva Virgen Extra de Catalunya, una noche que reuni\u00f3 alrededor de 350 personas del sector oleol\u00edcola catal\u00e1n, instituciones comarcales y locales en un acto que fue presidido por el Conseller de Agricultura, \u00d2scar Ordeig, acompa\u00f1ado del alcalde de la Fatarella, Jordi Rius.<\/p>\n\t\t\t\t\t\t\t\t<\/div>\n\t\t\t\t<\/div>\n\t\t\t\t\t<\/div>\n\t\t<\/div>\n\t\t\t\t\t<\/div>\n\t\t<\/section>\n\t\t\t\t<section class=\"elementor-section elementor-top-section elementor-element elementor-element-4d3d005 elementor-section-boxed elementor-section-height-default elementor-section-height-default\" data-id=\"4d3d005\" data-element_type=\"section\">\n\t\t\t\t\t\t<div class=\"elementor-container elementor-column-gap-default\">\n\t\t\t\t\t<div class=\"elementor-column elementor-col-100 elementor-top-column elementor-element elementor-element-e5a1a18\" data-id=\"e5a1a18\" data-element_type=\"column\">\n\t\t\t<div class=\"elementor-widget-wrap elementor-element-populated\">\n\t\t\t\t\t\t<div class=\"elementor-element elementor-element-1f4b43f elementor-widget elementor-widget-image\" data-id=\"1f4b43f\" data-element_type=\"widget\" data-widget_type=\"image.default\">\n\t\t\t\t<div class=\"elementor-widget-container\">\n\t\t\t\t\t\t\t\t\t\t\t\t\t\t\t<img fetchpriority=\"high\" decoding=\"async\" width=\"768\" height=\"522\" src=\"https:\/\/olivera.org\/wp-content\/uploads\/2024\/12\/Gev7hdjXkAARw00-768x522.jpg\" class=\"attachment-medium_large size-medium_large wp-image-29798\" alt=\"finques-premi-millor-oli-catalunya\" srcset=\"https:\/\/olivera.org\/wp-content\/uploads\/2024\/12\/Gev7hdjXkAARw00-768x522.jpg 768w, https:\/\/olivera.org\/wp-content\/uploads\/2024\/12\/Gev7hdjXkAARw00-300x204.jpg 300w, https:\/\/olivera.org\/wp-content\/uploads\/2024\/12\/Gev7hdjXkAARw00-1024x696.jpg 1024w, https:\/\/olivera.org\/wp-content\/uploads\/2024\/12\/Gev7hdjXkAARw00-600x408.jpg 600w, https:\/\/olivera.org\/wp-content\/uploads\/2024\/12\/Gev7hdjXkAARw00.jpg 1519w\" sizes=\"(max-width: 768px) 100vw, 768px\" \/>\t\t\t\t\t\t\t\t\t\t\t\t\t\t\t<\/div>\n\t\t\t\t<\/div>\n\t\t\t\t\t<\/div>\n\t\t<\/div>\n\t\t\t\t\t<\/div>\n\t\t<\/section>\n\t\t\t\t<section class=\"elementor-section elementor-top-section elementor-element elementor-element-3704964 elementor-section-boxed elementor-section-height-default elementor-section-height-default\" data-id=\"3704964\" data-element_type=\"section\">\n\t\t\t\t\t\t<div class=\"elementor-container elementor-column-gap-default\">\n\t\t\t\t\t<div class=\"elementor-column elementor-col-100 elementor-top-column elementor-element elementor-element-8763637\" data-id=\"8763637\" data-element_type=\"column\">\n\t\t\t<div class=\"elementor-widget-wrap elementor-element-populated\">\n\t\t\t\t\t\t<div class=\"elementor-element elementor-element-18bdb45 elementor-widget elementor-widget-text-editor\" data-id=\"18bdb45\" data-element_type=\"widget\" data-widget_type=\"text-editor.default\">\n\t\t\t\t<div class=\"elementor-widget-container\">\n\t\t\t\t\t\t\t\t\t<p>El Conseller de Agricultura, \u00d2scar Ordeig, ha dicho que estos reconocimientos servir\u00e1n para elaborar la primera gu\u00eda de los mejores aceites de Catalunya y tienen el objetivo de dinamizar el sector y elevarlo a la excelencia. Tambi\u00e9n ha afirmado que se trata de un concurso para revalorizar el AOVE en el mundo de la restauraci\u00f3n, en el \u00e1mbito medi\u00e1tico y entre los consumidores. \u00abPara aumentar el orgullo y la autoestima hacia un producto que lo tiene todo\u00bb, ha remarcado.  <\/p>\n<p>La primera edici\u00f3n de estos premios se enmarca dentro de la celebraci\u00f3n, <a href=\"https:\/\/act.gencat.cat\/regio-mundial-de-la-gastronomia-2025\/\"><strong>en 2025, de Catalunya, Regi\u00f3 Mundial de la Gastronomia<\/strong><\/a> y ha tenido protagonistas de lujo: las mesas, con nombres de diferentes variedades de oliva que se cultivan en el pa\u00eds; el men\u00fa, confeccionado por un cocinero de Estrella Michel\u00edn de las Terres de l&#8217;Ebre con productos de proximidad y los payeses, que cuidan los olivos para producir aceites de calidad.<\/p>\n\t\t\t\t\t\t\t\t<\/div>\n\t\t\t\t<\/div>\n\t\t\t\t\t<\/div>\n\t\t<\/div>\n\t\t\t\t\t<\/div>\n\t\t<\/section>\n\t\t\t\t<section class=\"elementor-section elementor-top-section elementor-element elementor-element-5a592f5 elementor-section-boxed elementor-section-height-default elementor-section-height-default\" data-id=\"5a592f5\" data-element_type=\"section\">\n\t\t\t\t\t\t<div class=\"elementor-container elementor-column-gap-default\">\n\t\t\t\t\t<div class=\"elementor-column elementor-col-100 elementor-top-column elementor-element elementor-element-3b62ec0\" data-id=\"3b62ec0\" data-element_type=\"column\">\n\t\t\t<div class=\"elementor-widget-wrap elementor-element-populated\">\n\t\t\t\t\t\t<div class=\"elementor-element elementor-element-300037a elementor-widget elementor-widget-image\" data-id=\"300037a\" data-element_type=\"widget\" data-widget_type=\"image.default\">\n\t\t\t\t<div class=\"elementor-widget-container\">\n\t\t\t\t\t\t\t\t\t\t\t\t\t\t\t\t<a href=\"https:\/\/olivera.org\/ca\/producte\/oli-finques\/\">\n\t\t\t\t\t\t\t<img decoding=\"async\" width=\"100\" height=\"300\" src=\"https:\/\/olivera.org\/wp-content\/uploads\/2024\/12\/Oli-Fiques-100x300.jpg\" class=\"attachment-medium size-medium wp-image-29804\" alt=\"finques-premi-millor-oli-catalunya\" srcset=\"https:\/\/olivera.org\/wp-content\/uploads\/2024\/12\/Oli-Fiques-100x300.jpg 100w, https:\/\/olivera.org\/wp-content\/uploads\/2024\/12\/Oli-Fiques-341x1024.jpg 341w, https:\/\/olivera.org\/wp-content\/uploads\/2024\/12\/Oli-Fiques-512x1536.jpg 512w, https:\/\/olivera.org\/wp-content\/uploads\/2024\/12\/Oli-Fiques-683x2048.jpg 683w, https:\/\/olivera.org\/wp-content\/uploads\/2024\/12\/Oli-Fiques-600x1799.jpg 600w, https:\/\/olivera.org\/wp-content\/uploads\/2024\/12\/Oli-Fiques.jpg 709w\" sizes=\"(max-width: 100px) 100vw, 100px\" \/>\t\t\t\t\t\t\t\t<\/a>\n\t\t\t\t\t\t\t\t\t\t\t\t\t\t\t<\/div>\n\t\t\t\t<\/div>\n\t\t\t\t\t<\/div>\n\t\t<\/div>\n\t\t\t\t\t<\/div>\n\t\t<\/section>\n\t\t\t\t<\/div>\n\t\t","protected":false},"excerpt":{"rendered":"<p>La primera \u00abNit de l&#8217;Oli\u00bb, organizada por el Departamento de Agricultura, Ramader\u00eda, Pesca y Alimentaci\u00f3n, reconoce 83 producciones y el Finques resulta multipremiado: mejor aceite frutado verde, mejor monovarietal de arbequina y mejor producci\u00f3n ecol\u00f3gica L&#8217;Oli Finques, que desde hace m\u00e1s de 20 a\u00f1os elabora L&#8217;Olivera, ha sido reconocido con el premio al Mejor Aceite [&hellip;]<\/p>\n","protected":false},"author":12,"featured_media":29778,"comment_status":"open","ping_status":"open","sticky":false,"template":"","format":"standard","meta":{"_acf_changed":false,"_jetpack_memberships_contains_paid_content":false,"footnotes":""},"categories":[17],"tags":[],"class_list":["post-29819","post","type-post","status-publish","format-standard","has-post-thumbnail","hentry","category-sin-categorizar"],"acf":[],"jetpack_featured_media_url":"https:\/\/olivera.org\/wp-content\/uploads\/2024\/12\/Gev7hddWQAApkIZ.jpg","jetpack_sharing_enabled":true,"_links":{"self":[{"href":"https:\/\/olivera.org\/es\/wp-json\/wp\/v2\/posts\/29819","targetHints":{"allow":["GET"]}}],"collection":[{"href":"https:\/\/olivera.org\/es\/wp-json\/wp\/v2\/posts"}],"about":[{"href":"https:\/\/olivera.org\/es\/wp-json\/wp\/v2\/types\/post"}],"author":[{"embeddable":true,"href":"https:\/\/olivera.org\/es\/wp-json\/wp\/v2\/users\/12"}],"replies":[{"embeddable":true,"href":"https:\/\/olivera.org\/es\/wp-json\/wp\/v2\/comments?post=29819"}],"version-history":[{"count":0,"href":"https:\/\/olivera.org\/es\/wp-json\/wp\/v2\/posts\/29819\/revisions"}],"wp:featuredmedia":[{"embeddable":true,"href":"https:\/\/olivera.org\/es\/wp-json\/wp\/v2\/media\/29778"}],"wp:attachment":[{"href":"https:\/\/olivera.org\/es\/wp-json\/wp\/v2\/media?parent=29819"}],"wp:term":[{"taxonomy":"category","embeddable":true,"href":"https:\/\/olivera.org\/es\/wp-json\/wp\/v2\/categories?post=29819"},{"taxonomy":"post_tag","embeddable":true,"href":"https:\/\/olivera.org\/es\/wp-json\/wp\/v2\/tags?post=29819"}],"curies":[{"name":"wp","href":"https:\/\/api.w.org\/{rel}","templated":true}]}}