{"id":30376,"date":"2025-02-05T11:29:56","date_gmt":"2025-02-05T11:29:56","guid":{"rendered":"https:\/\/olivera.org\/lolivera-recibe-el-premio-a-mejor-iniciativa-solidaria-en-el-mundo-del-vino\/"},"modified":"2025-02-05T11:29:56","modified_gmt":"2025-02-05T11:29:56","slug":"lolivera-recibe-el-premio-a-mejor-iniciativa-solidaria-en-el-mundo-del-vino","status":"publish","type":"post","link":"https:\/\/olivera.org\/es\/lolivera-recibe-el-premio-a-mejor-iniciativa-solidaria-en-el-mundo-del-vino\/","title":{"rendered":"L&#8217;Olivera recibe el premio a \u00abMejor iniciativa solidaria en el mundo del vino\u00bb"},"content":{"rendered":"<ul>\n<li><span class=\"TextRun SCXW203032735 BCX0\" lang=\"CA-ES\" xml:lang=\"CA-ES\" data-contrast=\"auto\"><span class=\"NormalTextRun SCXW203032735 BCX0\">El premio<span class=\"NormalTextRun SCXW203032735 BCX0\"> lo otorga la Asociaci\u00f3n Catalana de Sommeliers durante la Noche de los Sommeliers<\/span><span class=\"NormalTextRun SCXW203032735 BCX0\"> en la Barcelona<\/span> <span class=\"NormalTextRun SpellingErrorV2Themed SCXW203032735 BCX0\">Wine<\/span> <span class=\"NormalTextRun SpellingErrorV2Themed SCXW203032735 BCX0\">Week.<\/span><\/span><\/span><span class=\"EOP SCXW203032735 BCX0\" data-ccp-props=\"{\"335551550\":2,\"335551620\":2,\"335559685\":720}\"> <\/span><\/li>\n<\/ul>\n<p><span data-contrast=\"auto\">En el marco de la Barcelona Wine Week, recibimos el premio que entrega la Asociaci\u00f3n Catalana de Sommeliers a la <strong>\u00abMejor iniciativa solidaria en el mundo del vino\u00bb<\/strong> por nuestro proyecto de inserci\u00f3n social.<\/span><span data-ccp-props=\"{\"335551550\":1,\"335551620\":1}\"> <\/span><\/p>\n<p><span data-contrast=\"auto\">Nuestra identidad se basa en incluir a personas en riesgo de exclusi\u00f3n social en los procesos productivos, desde la convicci\u00f3n de que generar oportunidades laborales para todos es compatible con la elaboraci\u00f3n de productos de alta calidad. Por ello, al mismo tiempo que ofrecemos un puesto de trabajo remunerado, acompa\u00f1amos en la adquisici\u00f3n de h\u00e1bitos sociolaborales y en la formaci\u00f3n en \u00e1mbitos espec\u00edficos para facilitar una buena incorporaci\u00f3n en el mercado de trabajo ordinario. Actualmente, acompa\u00f1amos a 25 personas en tareas relacionadas con la agricultura, la elaboraci\u00f3n de productos, la comercializaci\u00f3n y la restauraci\u00f3n.  <\/span><span data-ccp-props=\"{\"335551550\":1,\"335551620\":1}\"> <\/span><\/p>\n<p><span data-contrast=\"auto\">La vicepresidenta de la Asociaci\u00f3n Catalana de Sommeliers, Victoria Ib\u00e1\u00f1ez, entreg\u00f3 el reconocimiento a la presidenta de L\u2019Olivera, Maria Dolors Llonch, durante la cena de gala de la Noche de los Sommeliers. Al recoger el premio, Llonch destac\u00f3 que \u00abL\u2019Olivera es una utop\u00eda que siempre pone a las personas en el centro, por eso buscamos f\u00f3rmulas de trabajo que humanicen y generen comunidad. Somos ra\u00edz y semilla de una \u2018cultura de m\u00e1rgenes\u2019 que apuesta por una relaci\u00f3n positiva con la tierra y las personas\u00bb. <strong>\u00abL\u2019Olivera es una utop\u00eda que siempre pone a las personas en el centro, por eso buscamos f\u00f3rmulas de trabajo que humanicen y generen comunidad. Somos ra\u00edz y semilla de una \u2018cultura de m\u00e1rgenes\u2019 que apuesta por una relaci\u00f3n positiva con la tierra y las personas\u00bb. <\/strong>\u201d. <\/span><span data-ccp-props=\"{\"335551550\":1,\"335551620\":1}\"> <\/span><\/p>\n<p><span data-contrast=\"auto\">En esta l\u00ednea, y en el marco de la Barcelona Wine Week, hemos participado en la charla \u00abHistoria y singularidad: variedades aut\u00f3ctonas recuperadas en Catalu\u00f1a\u00bb, para poner en valor el proyecto de recuperaci\u00f3n de la variedad trobat. Esta iniciativa se desarrolla de manera colaborativa con otras bodegas, otra ocasi\u00f3n en la que se refleja tanto nuestra manera de trabajar como el valor del intercambio entre personas y proyectos.  <\/span><span data-ccp-props=\"{\"335551550\":1,\"335551620\":1}\"> <\/span><\/p>\n<p><span data-contrast=\"auto\">La Asociaci\u00f3n Catalana de Sommeliers tambi\u00e9n premi\u00f3 al restaurante Disfrutar como mejor sala de restaurante; a la bodega Oller del Mas como mejor oferta enotur\u00edstica; a Empar Moliner como mejor comunicadora en el \u00e1mbito del vino; a Ignasi Pinedo con el premio a la trayectoria y a Pedro Ballesteros como socio de honor de la Asociaci\u00f3n Catalana de Sommeliers.<\/span><span data-ccp-props=\"{\"335551550\":1,\"335551620\":1}\"> <\/span><\/p>\n","protected":false},"excerpt":{"rendered":"<p>El premio lo otorga la Asociaci\u00f3n Catalana de Sommeliers durante la Noche de los Sommeliers en la Barcelona Wine Week. En el marco de la Barcelona Wine Week, recibimos el premio que entrega la Asociaci\u00f3n Catalana de Sommeliers a la \u00abMejor iniciativa solidaria en el mundo del vino\u00bb por nuestro proyecto de inserci\u00f3n social. Nuestra [&hellip;]<\/p>\n","protected":false},"author":12,"featured_media":30374,"comment_status":"open","ping_status":"open","sticky":false,"template":"","format":"standard","meta":{"_acf_changed":false,"_jetpack_memberships_contains_paid_content":false,"footnotes":""},"categories":[17],"tags":[],"class_list":["post-30376","post","type-post","status-publish","format-standard","has-post-thumbnail","hentry","category-sin-categorizar"],"acf":[],"jetpack_featured_media_url":"https:\/\/olivera.org\/wp-content\/uploads\/2025\/02\/Imatge-de-WhatsApp-2025-02-05-a-les-10.27.20_66c968c1-e1738753760845.jpg","jetpack_sharing_enabled":true,"_links":{"self":[{"href":"https:\/\/olivera.org\/es\/wp-json\/wp\/v2\/posts\/30376","targetHints":{"allow":["GET"]}}],"collection":[{"href":"https:\/\/olivera.org\/es\/wp-json\/wp\/v2\/posts"}],"about":[{"href":"https:\/\/olivera.org\/es\/wp-json\/wp\/v2\/types\/post"}],"author":[{"embeddable":true,"href":"https:\/\/olivera.org\/es\/wp-json\/wp\/v2\/users\/12"}],"replies":[{"embeddable":true,"href":"https:\/\/olivera.org\/es\/wp-json\/wp\/v2\/comments?post=30376"}],"version-history":[{"count":0,"href":"https:\/\/olivera.org\/es\/wp-json\/wp\/v2\/posts\/30376\/revisions"}],"wp:featuredmedia":[{"embeddable":true,"href":"https:\/\/olivera.org\/es\/wp-json\/wp\/v2\/media\/30374"}],"wp:attachment":[{"href":"https:\/\/olivera.org\/es\/wp-json\/wp\/v2\/media?parent=30376"}],"wp:term":[{"taxonomy":"category","embeddable":true,"href":"https:\/\/olivera.org\/es\/wp-json\/wp\/v2\/categories?post=30376"},{"taxonomy":"post_tag","embeddable":true,"href":"https:\/\/olivera.org\/es\/wp-json\/wp\/v2\/tags?post=30376"}],"curies":[{"name":"wp","href":"https:\/\/api.w.org\/{rel}","templated":true}]}}