{"id":30628,"date":"2025-03-07T11:32:56","date_gmt":"2025-03-07T11:32:56","guid":{"rendered":"https:\/\/olivera.org\/el-ministerio-de-derechos-sociales-consumo-y-agenda-2030-reconoce-la-trayectoria-de-lolivera-en-los-premios-activistas-por-el-futuro\/"},"modified":"2025-03-07T11:32:56","modified_gmt":"2025-03-07T11:32:56","slug":"el-ministerio-de-derechos-sociales-consumo-y-agenda-2030-reconoce-la-trayectoria-de-lolivera-en-los-premios-activistas-por-el-futuro","status":"publish","type":"post","link":"https:\/\/olivera.org\/es\/el-ministerio-de-derechos-sociales-consumo-y-agenda-2030-reconoce-la-trayectoria-de-lolivera-en-los-premios-activistas-por-el-futuro\/","title":{"rendered":"El Ministerio de Derechos Sociales, Consumo y Agenda 2030 reconoce la trayectoria de L&#8217;Olivera en los premios &#8216;Activistas por el Futuro&#8217;"},"content":{"rendered":"<ul>\n<li style=\"font-weight: 400;\" aria-level=\"1\"><span style=\"font-weight: 400;\">Recogemos el segundo premio en la categor\u00eda &#8216;Territorios sostenibles: reconocimiento a las iniciativas dirigidas a garantizar un medio rural en igualdad de derechos y oportunidades&#8217; en la ceremonia celebrada en Madrid<\/span><\/li>\n<\/ul>\n<p><span style=\"font-weight: 400;\">El proyecto &#8216;L&#8217;Olivera, 50 a\u00f1os tozudas y de pie&#8217; ha sido reconocido por el Ministerio de Derechos Sociales, Consumo y Agenda 2030 a trav\u00e9s de los<\/span> <b>premios &#8216;Activistas por el Futuro&#8217;, que tienen por objetivo \u201cestimular y reconocer la trayectoria, dedicaci\u00f3n y contribuci\u00f3n de iniciativas y pr\u00e1cticas de entidades sociales.<\/b> <span style=\"font-weight: 400;\">Agenda 2030 en Espa\u00f1a y en el mundo\u201d.<\/span><\/p>\n<p><span style=\"font-weight: 400;\">La inscripci\u00f3n a estos premios se realiza a trav\u00e9s de candidaturas presentadas por terceros. En este caso, ha sido la   <\/span><b>Federaci\u00f3n ALLEM de Lleida quien ha apostado por L&#8217;Olivera, que ha ganado el segundo galard\u00f3n en la categor\u00eda &#8216;Territorios sostenibles: reconocimiento a las iniciativas dirigidas a garantizar un medio rural en igualdad de derechos y oportunidades&#8217;.<\/b><span style=\"font-weight: 400;\"> <\/span><\/p>\n<p><span style=\"font-weight: 400;\">Joan-Ramon Saura, presidente de la Federaci\u00f3n ALLEM, ha acompa\u00f1ado a la representaci\u00f3n de L&#8217;Olivera en la ceremonia de entrega de premios, que ha tenido lugar en la sede del ministerio en Madrid. Durante el evento, se ha destacado que estos galardones responden a la voluntad de la Direcci\u00f3n General, del Ministerio y del Gobierno a \u00abreconocer proyectos que provocan impactos positivos y tangibles en su entorno\u00bb y se ha puesto en valor \u00abla importancia de la multilateralidad y enredamiento como elementos intr\u00ednsecos en todas las propuestas galardonadas\u00bb as\u00ed como a contexto galardonadas, as\u00ed como a contexto galardonadas, as\u00ed como a valores galardonados, as\u00ed como a valores galardonados.   <\/span><\/p>\n<p><b>\u00abEste premio es un reconocimiento a la trayectoria de un proyecto ya todas las personas que lo han hecho posible desde los inicios y, al mismo tiempo, una motivaci\u00f3n a seguir proyectando L&#8217;Olivera hacia el futuro\u00bb ha explicado M\u00aa Dolors Llonch, presidenta de L&#8217;Olivera.<\/b><\/p>\n<p><span style=\"font-weight: 400;\">El primer premio ha sido por el proyecto gallego RE-MAR, de la Asociaci\u00f3n Amicos, un proyecto colaborativo que se basa en la ciencia ciudadana para reforzar la colaboraci\u00f3n entre sectores pesqueros, la poblaci\u00f3n local y los visitantes de las islas de Galicia, para definir un modelo de desarrollo local basado en la conservaci\u00f3n del entorno litoral y marino.<\/span><\/p>\n","protected":false},"excerpt":{"rendered":"<p>Recogemos el segundo premio en la categor\u00eda &#8216;Territorios sostenibles: reconocimiento a las iniciativas dirigidas a garantizar un medio rural en igualdad de derechos y oportunidades&#8217; en la ceremonia celebrada en Madrid El proyecto &#8216;L&#8217;Olivera, 50 a\u00f1os tozudas y de pie&#8217; ha sido reconocido por el Ministerio de Derechos Sociales, Consumo y Agenda 2030 a trav\u00e9s [&hellip;]<\/p>\n","protected":false},"author":12,"featured_media":30626,"comment_status":"open","ping_status":"open","sticky":false,"template":"","format":"standard","meta":{"_acf_changed":false,"_jetpack_memberships_contains_paid_content":false,"footnotes":""},"categories":[17],"tags":[],"class_list":["post-30628","post","type-post","status-publish","format-standard","has-post-thumbnail","hentry","category-sin-categorizar"],"acf":[],"jetpack_featured_media_url":"https:\/\/olivera.org\/wp-content\/uploads\/2025\/03\/250306_Premios-Activistas-por-el-Futuro_35.jpg","jetpack_sharing_enabled":true,"_links":{"self":[{"href":"https:\/\/olivera.org\/es\/wp-json\/wp\/v2\/posts\/30628","targetHints":{"allow":["GET"]}}],"collection":[{"href":"https:\/\/olivera.org\/es\/wp-json\/wp\/v2\/posts"}],"about":[{"href":"https:\/\/olivera.org\/es\/wp-json\/wp\/v2\/types\/post"}],"author":[{"embeddable":true,"href":"https:\/\/olivera.org\/es\/wp-json\/wp\/v2\/users\/12"}],"replies":[{"embeddable":true,"href":"https:\/\/olivera.org\/es\/wp-json\/wp\/v2\/comments?post=30628"}],"version-history":[{"count":0,"href":"https:\/\/olivera.org\/es\/wp-json\/wp\/v2\/posts\/30628\/revisions"}],"wp:featuredmedia":[{"embeddable":true,"href":"https:\/\/olivera.org\/es\/wp-json\/wp\/v2\/media\/30626"}],"wp:attachment":[{"href":"https:\/\/olivera.org\/es\/wp-json\/wp\/v2\/media?parent=30628"}],"wp:term":[{"taxonomy":"category","embeddable":true,"href":"https:\/\/olivera.org\/es\/wp-json\/wp\/v2\/categories?post=30628"},{"taxonomy":"post_tag","embeddable":true,"href":"https:\/\/olivera.org\/es\/wp-json\/wp\/v2\/tags?post=30628"}],"curies":[{"name":"wp","href":"https:\/\/api.w.org\/{rel}","templated":true}]}}