{"id":31355,"date":"2025-05-19T07:50:46","date_gmt":"2025-05-19T07:50:46","guid":{"rendered":"https:\/\/olivera.org\/el-grupo-operativo-vitirem-liderado-por-lolivera-promueve-un-nuevo-modelo-para-la-viticultura-de-secano-con-cubiertas-vegetales\/"},"modified":"2025-05-19T07:50:46","modified_gmt":"2025-05-19T07:50:46","slug":"el-grupo-operativo-vitirem-liderado-por-lolivera-promueve-un-nuevo-modelo-para-la-viticultura-de-secano-con-cubiertas-vegetales","status":"publish","type":"post","link":"https:\/\/olivera.org\/es\/el-grupo-operativo-vitirem-liderado-por-lolivera-promueve-un-nuevo-modelo-para-la-viticultura-de-secano-con-cubiertas-vegetales\/","title":{"rendered":"El Grupo Operativo VITIREM, liderado por L\u2019Olivera, promueve un nuevo modelo para la viticultura de secano con cubiertas vegetales"},"content":{"rendered":"<ul>\n<li><b><span data-contrast=\"auto\">Es una iniciativa innovadora que responde al reto del cambio clim\u00e1tico en la viticultura catalana de secano.<\/span><\/b><span data-ccp-props=\"{\"335551550\":6,\"335551620\":6}\"> <\/span><\/li>\n<\/ul>\n<p><span data-contrast=\"auto\">Ante el creciente desaf\u00edo de la sequ\u00eda y la falta de referencias claras para gestionar cubiertas vegetales en vi\u00f1edos de secano, el Grupo Operativo VITIREM, impulsado por L\u2019Olivera, quiere proporcionar a t\u00e9cnicos y productores una herramienta \u00fatil que oriente la toma de decisiones estrat\u00e9gicas y operativas. <\/span><span data-ccp-props=\"{\"335551550\":6,\"335551620\":6}\"> <\/span><\/p>\n<p><span data-contrast=\"auto\">As\u00ed, trabaja en un modelo de toma de decisiones para implementar cubiertas vegetales en viticultura de secano, desde una l\u00f3gica de conservaci\u00f3n e incremento de la materia org\u00e1nica del suelo y de adaptaci\u00f3n al cambio clim\u00e1tico.<\/span><span data-ccp-props=\"{\"335551550\":6,\"335551620\":6}\"> <\/span><\/p>\n<p><span data-contrast=\"auto\">El modelo integrar\u00e1 conocimiento agron\u00f3mico, datos ambientales e indicadores de sostenibilidad. Adem\u00e1s, combinar\u00e1 los principios del An\u00e1lisis de Ciclo de Vida (ACV), el ciclo biol\u00f3gico de desarrollo de la vida y la definici\u00f3n de nuevos indicadores de sostenibilidad vinculados al contexto ambiental de sequ\u00eda y estr\u00e9s h\u00eddrico que afecta a los cultivos de vi\u00f1a de secano.  <\/span><span data-ccp-props=\"{\"335551550\":6,\"335551620\":6}\"> <\/span><\/p>\n<p><b><span data-contrast=\"auto\">Pruebas piloto en los vi\u00f1edos de L\u2019Olivera<\/span><\/b><span data-ccp-props=\"{\"335551550\":6,\"335551620\":6}\"> <\/span><\/p>\n<p><span data-contrast=\"auto\">El proyecto se desarrolla a trav\u00e9s de pruebas piloto en los vi\u00f1edos de L\u2019Olivera, situados en los municipios de Vallbona de les Monges, Nalec y Barcelona, con diferentes condiciones clim\u00e1ticas y tipos de suelo. Las parcelas del estudio incluyen variedades como  <\/span><i><span data-contrast=\"auto\">macabeo, garnacha tinta y xarel\u00b7lo,<\/span><\/i> <span data-contrast=\"auto\">y est\u00e1n aplicando diferentes tipos de cubiertas vegetales \u2014sembradas, espont\u00e1neas e inertes\u2014 para valorar sus efectos sobre la calidad del suelo, la disponibilidad de agua, el rendimiento del cultivo y la calidad de la uva.<\/span><span data-ccp-props=\"{\"335551550\":6,\"335551620\":6}\"> <\/span><\/p>\n<p><b><span data-contrast=\"auto\">Innovaci\u00f3n y futuro desde el territorio<\/span><\/b><span data-ccp-props=\"{\"335551550\":6,\"335551620\":6}\"> <\/span><\/p>\n<p><span data-contrast=\"auto\">El proyecto GO-VITIREM supone un paso adelante en la adaptaci\u00f3n de la viticultura al cambio clim\u00e1tico. Con una fuerte apuesta por la experimentaci\u00f3n sobre el terreno y por la transferencia de conocimiento, y contando con 12 entidades y empresas colaboradoras, este proyecto quiere dotar a los viticultores de Catalu\u00f1a de herramientas \u00fatiles para afrontar los nuevos retos del sector. <\/span><span data-ccp-props=\"{\"335551550\":6,\"335551620\":6}\"> <\/span><\/p>\n<p><span data-contrast=\"auto\">Fruto de este proyecto de investigaci\u00f3n, L\u2019Olivera ha recibido visitas de grupos de investigaci\u00f3n catalanes y extranjeros para compartir conocimientos, lo cual est\u00e1 aportando gran valor al mundo vitivin\u00edcola de secano. El proyecto GO-VITIREM est\u00e1 financiado por el Departamento de Acci\u00f3n Clim\u00e1tica, Alimentaci\u00f3n y Agenda Rural de la Generalitat de Catalunya y los fondos europeos FEADER. <\/span><span data-ccp-props=\"{\"335551550\":6,\"335551620\":6}\"> <\/span><\/p>\n","protected":false},"excerpt":{"rendered":"<p>Es una iniciativa innovadora que responde al reto del cambio clim\u00e1tico en la viticultura catalana de secano. Ante el creciente desaf\u00edo de la sequ\u00eda y la falta de referencias claras para gestionar cubiertas vegetales en vi\u00f1edos de secano, el Grupo Operativo VITIREM, impulsado por L\u2019Olivera, quiere proporcionar a t\u00e9cnicos y productores una herramienta \u00fatil que [&hellip;]<\/p>\n","protected":false},"author":12,"featured_media":31353,"comment_status":"closed","ping_status":"closed","sticky":false,"template":"","format":"standard","meta":{"_acf_changed":false,"_jetpack_memberships_contains_paid_content":false,"footnotes":""},"categories":[17],"tags":[],"class_list":["post-31355","post","type-post","status-publish","format-standard","has-post-thumbnail","hentry","category-sin-categorizar"],"acf":[],"jetpack_featured_media_url":"https:\/\/olivera.org\/wp-content\/uploads\/2025\/05\/1747230988503.jpg","jetpack_sharing_enabled":true,"_links":{"self":[{"href":"https:\/\/olivera.org\/es\/wp-json\/wp\/v2\/posts\/31355","targetHints":{"allow":["GET"]}}],"collection":[{"href":"https:\/\/olivera.org\/es\/wp-json\/wp\/v2\/posts"}],"about":[{"href":"https:\/\/olivera.org\/es\/wp-json\/wp\/v2\/types\/post"}],"author":[{"embeddable":true,"href":"https:\/\/olivera.org\/es\/wp-json\/wp\/v2\/users\/12"}],"replies":[{"embeddable":true,"href":"https:\/\/olivera.org\/es\/wp-json\/wp\/v2\/comments?post=31355"}],"version-history":[{"count":0,"href":"https:\/\/olivera.org\/es\/wp-json\/wp\/v2\/posts\/31355\/revisions"}],"wp:featuredmedia":[{"embeddable":true,"href":"https:\/\/olivera.org\/es\/wp-json\/wp\/v2\/media\/31353"}],"wp:attachment":[{"href":"https:\/\/olivera.org\/es\/wp-json\/wp\/v2\/media?parent=31355"}],"wp:term":[{"taxonomy":"category","embeddable":true,"href":"https:\/\/olivera.org\/es\/wp-json\/wp\/v2\/categories?post=31355"},{"taxonomy":"post_tag","embeddable":true,"href":"https:\/\/olivera.org\/es\/wp-json\/wp\/v2\/tags?post=31355"}],"curies":[{"name":"wp","href":"https:\/\/api.w.org\/{rel}","templated":true}]}}