{"id":31453,"date":"2025-05-21T14:11:30","date_gmt":"2025-05-21T14:11:30","guid":{"rendered":"https:\/\/olivera.org\/clara-griera-elegida-nueva-presidenta-de-lolivera\/"},"modified":"2025-05-21T14:11:30","modified_gmt":"2025-05-21T14:11:30","slug":"clara-griera-elegida-nueva-presidenta-de-lolivera","status":"publish","type":"post","link":"https:\/\/olivera.org\/es\/clara-griera-elegida-nueva-presidenta-de-lolivera\/","title":{"rendered":"Clara Griera, elegida nueva presidenta de L\u2019Olivera"},"content":{"rendered":"<p><b><span data-contrast=\"auto\">La asamblea general ordinaria de socias de la cooperativa L\u2019Olivera se reuni\u00f3 el pasado viernes 25 de abril en Vallbona de les Monges para renovar los cargos de la organizaci\u00f3n y cerrar la actividad de 2024.<\/span><\/b><span data-ccp-props=\"{\"335551550\":6,\"335551620\":6}\"> <\/span><\/p>\n<p><span data-contrast=\"auto\">La en\u00f3loga de la bodega de Vallbona de les Monges y socia trabajadora de la cooperativa desde 2007, Clara Griera, fue elegida nueva presidenta de L\u2019Olivera junto a un equipo formado por Pau Moragas como vicepresidente; Mart\u00ed Monfort como secretario; Enric Altisent como tesorero; y Madior Gueye, Al\u00e8xia Rioja y Maria Pilar Massana como vocales. Todos ellos forman el Consejo Rector de la cooperativa L\u2019Olivera, que ejerce tambi\u00e9n como Patronato de la Fundaci\u00f3n L\u2019Olivera.  <\/span><span data-contrast=\"auto\">forman el Consejo Rector de la cooperativa L\u2019Olivera, que ejerce tambi\u00e9n como Patronato de la Fundaci\u00f3n L\u2019Olivera.<\/span><span data-ccp-props=\"{\"335551550\":6,\"335551620\":6}\"> <\/span><\/p>\n<p><span data-contrast=\"auto\">Sobre su nombramiento, Griera destaca: \u201cSiempre me ha interesado el proyecto pol\u00edtico de L\u2019Olivera. Entr\u00e9 a trabajar principalmente motivada por el proyecto de convivencia y desarrollo territorial, y al cabo de un a\u00f1o me impliqu\u00e9 como socia trabajadora. Que adem\u00e1s pueda desarrollar mi oficio como en\u00f3loga es un regalo. As\u00ed que la presidencia me ilusiona porque me ofrece la oportunidad de profundizar m\u00e1s en el \u00e1mbito societario y, al mismo tiempo, es un reto, ya que atravesamos un momento de transici\u00f3n que hay que gestionar.\u201d<br \/>Y a\u00f1ade una mirada de futuro: \u201cCreo que la visi\u00f3n nos impulsa hacia adelante, pondremos en marcha un nuevo Plan Estrat\u00e9gico que nos permita abordar temas clave como vincular a m\u00e1s socios al proyecto, reforzar los proyectos de autonom\u00eda de las personas y ampliar mercados. En esta l\u00ednea, siento que L\u2019Olivera puede ser un referente en innovaci\u00f3n social y desarrollo rural, y serlo desde la activaci\u00f3n de estrategias comunitarias que respondan a las necesidades de las personas.\u201d<br \/>Finalmente, sobre el relevo de la presidencia de Maria Dolors Llonch, que ha ejercido el cargo de 2018 a 2025, Griera destaca: \u201cEs bonito tomar el relevo de una presidencia tan humana, cercana y vinculada al valor social de L\u2019Olivera. Maria Dolors Llonch ha impulsado mucho el proyecto social de Can Calopa, la construcci\u00f3n de equipos profesionales muy humanos y alianzas pol\u00edticas para consolidar el proyecto.\u201d <\/span><span data-ccp-props=\"{\"335551550\":6,\"335551620\":6}\"> <\/span><\/p>\n<p><span data-contrast=\"auto\">Igualmente, la presidenta saliente, Maria Dolors Llonch, destaca que:<br \/>\u201cHa sido una gran responsabilidad trabajar para lograr un cambio en el modelo de gesti\u00f3n de L\u2019Olivera, manteniendo el esp\u00edritu fundacional del proyecto y avanzando hacia un modelo m\u00e1s empresarial. Esto ha implicado generar nuevos equipos y din\u00e1micas de trabajo, as\u00ed como integrar toda la actividad de Can Calopa en el proyecto global de L\u2019Olivera. El nuevo Consejo Rector tendr\u00e1 el reto de consolidar este cambio y seguir explic\u00e1ndolo hacia afuera para posicionar la propuesta integral de convivencia y producci\u00f3n \u00fanica que ofrece L\u2019Olivera. Todos los cambios generan oportunidades de mejora, y estoy segura de que este tambi\u00e9n lo ser\u00e1.\u201d<\/span><span data-ccp-props=\"{}\"> <\/span><\/p>\n<p><span data-ccp-props=\"{}\"> <\/span><\/p>\n<p><b><span data-contrast=\"auto\">2024: Cincuenta a\u00f1os de historia<\/span><\/b><span data-ccp-props=\"{}\"> <\/span><\/p>\n<p><span data-contrast=\"auto\">La asamblea tambi\u00e9n sirvi\u00f3 para cerrar formalmente la actividad de 2024, un a\u00f1o marcado por la celebraci\u00f3n del cincuenta aniversario de L\u2019Olivera. \u201cSon cincuenta a\u00f1os llenos de sue\u00f1os, utop\u00edas y dificultades para construir y consolidar un proyecto transformador y agr\u00edcola\u201d, se\u00f1ala el director de L\u2019Olivera, Carles de Ahumada. Un a\u00f1o muy especial tambi\u00e9n porque L\u2019Olivera fue reconocida con el Premio al Mejor Aceite de Catalu\u00f1a por el Oli de Finques; el premio Memorial Josep Maria Salas Peir\u00f3 por su proyecto de pisos de inserci\u00f3n en Molins de Rei; el premio a la mejor iniciativa sostenible en el tercer concurso de la Denominaci\u00f3n de Origen Costers del Segre; el reconocimiento de Slow Food por la producci\u00f3n responsable; el premio Josep Mercader del F\u00f3rum Gastron\u00f3mico de Barcelona y el Premio a la Mejor Iniciativa Solidaria en el mundo del vino otorgado por la Asociaci\u00f3n Catalana de Sumilleres.  <\/span><span data-ccp-props=\"{\"134233117\":false,\"134233118\":false,\"201341983\":0,\"335551550\":1,\"335551620\":1,\"335559685\":0,\"335559737\":0,\"335559738\":0,\"335559739\":0,\"335559740\":276}\"> <\/span><\/p>\n<p><span data-contrast=\"auto\">En el marco de la celebraci\u00f3n de los cincuenta a\u00f1os, se edit\u00f3 el libro \u201850. L\u2019Olivera, voces y vida\u2019, que recoge aventuras y vivencias del proyecto. Tambi\u00e9n se elabor\u00f3 el \u2018Vino de los 50 a\u00f1os\u2019, un macabeo que recoge y conmemora el conocimiento acumulado durante medio siglo. Adem\u00e1s, se celebraron tres actos institucionales para reunir a personas socias, amigas y colaboradoras de L\u2019Olivera. <\/span><span data-ccp-props=\"{}\"> <\/span><\/p>\n<p><span data-contrast=\"auto\">En el \u00e1mbito productivo fue un a\u00f1o complicado debido a la sequ\u00eda. Aun as\u00ed, el proyecto factur\u00f3 3.477.800,83\u202f\u20ac, con un beneficio de 17.742,71\u202f\u20ac, y se cultivaron un total de 39,3 hect\u00e1reas de vi\u00f1edos y olivos. Adem\u00e1s, en el \u00e1mbito social, se acompa\u00f1\u00f3 a 43 personas.   <\/span><span data-contrast=\"auto\">\u201cSomos un proyecto resiliente. A pesar de las crisis econ\u00f3micas o las malas temporadas en el campo, nunca dejaremos de buscar oportunidades para elaborar un producto de calidad con valor social\u201d, <\/span><span data-contrast=\"auto\">destaca la presidenta Clara Griera.<\/span><span data-ccp-props=\"{}\"> <\/span><\/p>\n","protected":false},"excerpt":{"rendered":"<p>La asamblea general ordinaria de socias de la cooperativa L\u2019Olivera se reuni\u00f3 el pasado viernes 25 de abril en Vallbona de les Monges para renovar los cargos de la organizaci\u00f3n y cerrar la actividad de 2024. La en\u00f3loga de la bodega de Vallbona de les Monges y socia trabajadora de la cooperativa desde 2007, Clara [&hellip;]<\/p>\n","protected":false},"author":12,"featured_media":31449,"comment_status":"closed","ping_status":"closed","sticky":false,"template":"","format":"standard","meta":{"_acf_changed":false,"_jetpack_memberships_contains_paid_content":false,"footnotes":""},"categories":[17],"tags":[],"class_list":["post-31453","post","type-post","status-publish","format-standard","has-post-thumbnail","hentry","category-sin-categorizar"],"acf":[],"jetpack_featured_media_url":"https:\/\/olivera.org\/wp-content\/uploads\/2025\/05\/WhatsApp-Image-2025-05-21-at-11.58.58-1.jpeg","jetpack_sharing_enabled":true,"_links":{"self":[{"href":"https:\/\/olivera.org\/es\/wp-json\/wp\/v2\/posts\/31453","targetHints":{"allow":["GET"]}}],"collection":[{"href":"https:\/\/olivera.org\/es\/wp-json\/wp\/v2\/posts"}],"about":[{"href":"https:\/\/olivera.org\/es\/wp-json\/wp\/v2\/types\/post"}],"author":[{"embeddable":true,"href":"https:\/\/olivera.org\/es\/wp-json\/wp\/v2\/users\/12"}],"replies":[{"embeddable":true,"href":"https:\/\/olivera.org\/es\/wp-json\/wp\/v2\/comments?post=31453"}],"version-history":[{"count":0,"href":"https:\/\/olivera.org\/es\/wp-json\/wp\/v2\/posts\/31453\/revisions"}],"wp:featuredmedia":[{"embeddable":true,"href":"https:\/\/olivera.org\/es\/wp-json\/wp\/v2\/media\/31449"}],"wp:attachment":[{"href":"https:\/\/olivera.org\/es\/wp-json\/wp\/v2\/media?parent=31453"}],"wp:term":[{"taxonomy":"category","embeddable":true,"href":"https:\/\/olivera.org\/es\/wp-json\/wp\/v2\/categories?post=31453"},{"taxonomy":"post_tag","embeddable":true,"href":"https:\/\/olivera.org\/es\/wp-json\/wp\/v2\/tags?post=31453"}],"curies":[{"name":"wp","href":"https:\/\/api.w.org\/{rel}","templated":true}]}}